{"id":55085,"date":"2018-07-18T10:21:20","date_gmt":"2018-07-18T15:21:20","guid":{"rendered":"https:\/\/radiowebmx.com\/nota\/?p=55085"},"modified":"2018-07-18T11:30:19","modified_gmt":"2018-07-18T16:30:19","slug":"seleccion-mexicana-de-basquet-tendra-entrenamiento-abierto-al-publico-este-dia","status":"publish","type":"post","link":"https:\/\/radiowebmx.com\/nota\/seleccion-mexicana-de-basquet-tendra-entrenamiento-abierto-al-publico-este-dia\/","title":{"rendered":"Selecci\u00f3n Mexicana de B\u00e1squet tendr\u00e1 entrenamiento abierto al p\u00fablico este d\u00eda"},"content":{"rendered":"<p>Morelia, Michoac\u00e1n (Bolet\u00edn).- Tras el \u00e9xito obtenido en la cl\u00ednica y charla con entrenadores y miembros de Ligas de B\u00e1squetbol de la entidad, la Selecci\u00f3n Mexicana de Baloncesto tendr\u00e1 este mi\u00e9rcoles un entrenamiento abierto al p\u00fablico, en el Auditorio de la Universidad Michoacana San Nicol\u00e1s de Hidalgo (UMSNH).<\/p>\n<p>En su segundo d\u00eda de actividades en Morelia, los 12 Guerreros volver\u00e1n a abrir las puertas de su sesi\u00f3n de entrenamiento para el p\u00fablico general.<\/p>\n<p>La sesi\u00f3n, a mando del entrenador en jefe de los mexicanos, Iv\u00e1n D\u00e9niz O\u2019Donell, iniciar\u00e1 en punto de las 10:00 horas, mientras que al medio d\u00eda se realizar\u00e1 una convivencia con jugadores locales en el mismo escenario.<\/p>\n<p>Al d\u00eda siguiente, se efectuar\u00e1 una bienvenida oficial por parte de Gobierno del Estado, misma que tendr\u00e1 lugar en el patio principal de Palacio de Gobierno, a las 10:00 horas.<\/p>\n<p>El 20 de julio, mientras tanto, se efectuar\u00e1 un merecido homenaje al seleccionado nacional y campe\u00f3n mundial, Gustavo Ay\u00f3n, en el patio principal de Palacio de Gobierno, a las 10 de la ma\u00f1ana, y ese mismo d\u00eda, pero a las 13:00 horas, los seleccionados realizar\u00e1n una visita al Hospital Infantil.<\/p>\n<p>Es de recordar que como parte del Campamento, la Selecci\u00f3n Mexicana de Baloncesto encara por primera ocasi\u00f3n en Michoac\u00e1n al equipo estadounidense All Star, el pr\u00f3ximo mi\u00e9rcoles 25 de julio, para lo cual los boletos estar\u00e1n a la venta a partir de este mi\u00e9rcoles 18 de julio desde las 09:00 horas en las instalaciones de la Comisi\u00f3n Estatal de Cultura F\u00edsica y Deporte (Cecufid), ubicadas en la calle Chiapas, n\u00famero 180 de la colonia Molino de Parras.<\/p>\n<p>Los jugadores que forman parte de esta concentraci\u00f3n son: Ram\u00f3n Barreno, Carlos P\u00e9rez, Irving \u00c1valos, Juan Contreras, Iv\u00e1n Monta\u00f1o, Omar Haro, Otoniel Zulueta, Jorge de la Serna, el tambi\u00e9n capit\u00e1n del equipo Aguacateros de Michoac\u00e1n, Israel Guti\u00e9rrez; adem\u00e1s de Gabriel V\u00e1zquez, Antonio \u00c1lvarez, Jorge Guti\u00e9rrez, Lorenzo Mata, Jonathan Machado, Gabriel Gir\u00f3n, Orlando M\u00e9ndez, Francisco Cruz, Alex P\u00e9rez, Juan Anderson, as\u00ed como el campe\u00f3n de Europa, Gustavo Ay\u00f3n.<\/p>\n","protected":false},"excerpt":{"rendered":"<p>Morelia, Michoac\u00e1n (Bolet\u00edn).- Tras el \u00e9xito obtenido en la cl\u00ednica y charla con entrenadores y miembros de Ligas de B\u00e1squetbol de la entidad, la Selecci\u00f3n Mexicana de Baloncesto tendr\u00e1 este mi\u00e9rcoles un entrenamiento abierto al p\u00fablico, en el Auditorio de la Universidad Michoacana San Nicol\u00e1s de Hidalgo (UMSNH). En su segundo d\u00eda de actividades en [&hellip;]<\/p>\n","protected":false},"author":2,"featured_media":55087,"comment_status":"closed","ping_status":"closed","sticky":false,"template":"","format":"standard","meta":{"footnotes":""},"categories":[14],"tags":[],"class_list":["post-55085","post","type-post","status-publish","format-standard","has-post-thumbnail","hentry","category-destacadas"],"_links":{"self":[{"href":"https:\/\/radiowebmx.com\/nota\/wp-json\/wp\/v2\/posts\/55085","targetHints":{"allow":["GET"]}}],"collection":[{"href":"https:\/\/radiowebmx.com\/nota\/wp-json\/wp\/v2\/posts"}],"about":[{"href":"https:\/\/radiowebmx.com\/nota\/wp-json\/wp\/v2\/types\/post"}],"author":[{"embeddable":true,"href":"https:\/\/radiowebmx.com\/nota\/wp-json\/wp\/v2\/users\/2"}],"replies":[{"embeddable":true,"href":"https:\/\/radiowebmx.com\/nota\/wp-json\/wp\/v2\/comments?post=55085"}],"version-history":[{"count":1,"href":"https:\/\/radiowebmx.com\/nota\/wp-json\/wp\/v2\/posts\/55085\/revisions"}],"predecessor-version":[{"id":55088,"href":"https:\/\/radiowebmx.com\/nota\/wp-json\/wp\/v2\/posts\/55085\/revisions\/55088"}],"wp:featuredmedia":[{"embeddable":true,"href":"https:\/\/radiowebmx.com\/nota\/wp-json\/wp\/v2\/media\/55087"}],"wp:attachment":[{"href":"https:\/\/radiowebmx.com\/nota\/wp-json\/wp\/v2\/media?parent=55085"}],"wp:term":[{"taxonomy":"category","embeddable":true,"href":"https:\/\/radiowebmx.com\/nota\/wp-json\/wp\/v2\/categories?post=55085"},{"taxonomy":"post_tag","embeddable":true,"href":"https:\/\/radiowebmx.com\/nota\/wp-json\/wp\/v2\/tags?post=55085"}],"curies":[{"name":"wp","href":"https:\/\/api.w.org\/{rel}","templated":true}]}}