{"id":55081,"date":"2018-07-18T10:15:05","date_gmt":"2018-07-18T15:15:05","guid":{"rendered":"https:\/\/radiowebmx.com\/nota\/?p=55081"},"modified":"2018-07-18T11:16:56","modified_gmt":"2018-07-18T16:16:56","slug":"trabajare-y-estare-presente-siempre-en-michoacan-tono-garcia","status":"publish","type":"post","link":"https:\/\/radiowebmx.com\/nota\/trabajare-y-estare-presente-siempre-en-michoacan-tono-garcia\/","title":{"rendered":"Trabajar\u00e9 y estar\u00e9 presente siempre en Michoac\u00e1n: To\u00f1o Garc\u00eda"},"content":{"rendered":"<p><strong>Morelia, Michoac\u00e1n.\u2013<\/strong>\u00a0Visit\u00e9 cada rinc\u00f3n del estado de nueva cuenta para refrendar mi compromiso de llevar la voz de los michoacanos reflejada en propuestas y debate en la m\u00e1xima tribuna de la naci\u00f3n, indic\u00f3 To\u00f1o Garc\u00eda, senador electo por la coalici\u00f3n Por M\u00e9xico al Frente.<\/p>\n<p>En su cierre de gira realizado en el municipio de Uruapan, el senador electo de los Partidos de la Revoluci\u00f3n Democr\u00e1tica (PRD), Acci\u00f3n Nacional (PAN) y Movimiento Ciudadano (MC) habl\u00f3 a los presentes la importancia de mantener el v\u00ednculo con los ciudadanos para trabajar de la mano. \u201cLa participaci\u00f3n ciudadana, es la herramienta de la democracia para que los funcionarios p\u00fablicos act\u00faen con la poblaci\u00f3n para generar beneficios en com\u00fan; por eso que visitamos de nueva cuenta todo el estado hasta el rinc\u00f3n m\u00e1s lejano, para escucharlos y llevar nuestra agenda a la C\u00e1mara Alta, para hacer realidad sus exigencias\u201d, destac\u00f3 el representante michoacano al Senado.<\/p>\n<p>En ese sentido, To\u00f1o Garc\u00eda manifest\u00f3 que estar\u00e1 presente como un actor que participe en el pleno legislativo federal y al mismo tiempo sea un servidor para la sociedad michoacana en su deber como funcionario p\u00fablico. \u201cEn el Congreso de la Uni\u00f3n ser\u00e9 un representante de Michoac\u00e1n que trabajar\u00e1 y dar\u00e1 balance como oposici\u00f3n digna ante la agenda nacional, pero tambi\u00e9n en la entidad ser\u00e9 su servidor, su v\u00ednculo para generar progreso por medio de la Federaci\u00f3n, porqu\u00e9 esa es la responsabilidad que tendr\u00e9 que cumplir\u201d, subray\u00f3 el pol\u00edtico perredista.<\/p>\n<p>De igual forma, To\u00f1o Garc\u00eda record\u00f3 que su suplente al Senado, Marco Trejo Pureco, ser\u00e1 su conexi\u00f3n entre los michoacanos y portavoz para mantener el puente de comunicaci\u00f3n con quienes confiaron en su experiencia y proyecto para mejorar el estado. \u201cEstar\u00e9 en contacto permanente con Michoac\u00e1n y visitar\u00e9 las veces necesarias cada lugar de mi tierra, pero tambi\u00e9n pueden contar con mi amigo Marco Trejo, quien ser\u00e1 el puente que una a la entidad con la C\u00e1mara de Senadores, porqu\u00e9 \u00e9l es un michoacano comprometido con la gente y tiene el perfil para escuchar y actuar\u201d, puntualiz\u00f3 el abanderado al Congreso de la Uni\u00f3n.<\/p>\n","protected":false},"excerpt":{"rendered":"<p>Morelia, Michoac\u00e1n.\u2013\u00a0Visit\u00e9 cada rinc\u00f3n del estado de nueva cuenta para refrendar mi compromiso de llevar la voz de los michoacanos reflejada en propuestas y debate en la m\u00e1xima tribuna de la naci\u00f3n, indic\u00f3 To\u00f1o Garc\u00eda, senador electo por la coalici\u00f3n Por M\u00e9xico al Frente. En su cierre de gira realizado en el municipio de Uruapan, [&hellip;]<\/p>\n","protected":false},"author":2,"featured_media":55082,"comment_status":"closed","ping_status":"closed","sticky":false,"template":"","format":"standard","meta":{"footnotes":""},"categories":[14],"tags":[],"class_list":["post-55081","post","type-post","status-publish","format-standard","has-post-thumbnail","hentry","category-destacadas"],"_links":{"self":[{"href":"https:\/\/radiowebmx.com\/nota\/wp-json\/wp\/v2\/posts\/55081","targetHints":{"allow":["GET"]}}],"collection":[{"href":"https:\/\/radiowebmx.com\/nota\/wp-json\/wp\/v2\/posts"}],"about":[{"href":"https:\/\/radiowebmx.com\/nota\/wp-json\/wp\/v2\/types\/post"}],"author":[{"embeddable":true,"href":"https:\/\/radiowebmx.com\/nota\/wp-json\/wp\/v2\/users\/2"}],"replies":[{"embeddable":true,"href":"https:\/\/radiowebmx.com\/nota\/wp-json\/wp\/v2\/comments?post=55081"}],"version-history":[{"count":1,"href":"https:\/\/radiowebmx.com\/nota\/wp-json\/wp\/v2\/posts\/55081\/revisions"}],"predecessor-version":[{"id":55083,"href":"https:\/\/radiowebmx.com\/nota\/wp-json\/wp\/v2\/posts\/55081\/revisions\/55083"}],"wp:featuredmedia":[{"embeddable":true,"href":"https:\/\/radiowebmx.com\/nota\/wp-json\/wp\/v2\/media\/55082"}],"wp:attachment":[{"href":"https:\/\/radiowebmx.com\/nota\/wp-json\/wp\/v2\/media?parent=55081"}],"wp:term":[{"taxonomy":"category","embeddable":true,"href":"https:\/\/radiowebmx.com\/nota\/wp-json\/wp\/v2\/categories?post=55081"},{"taxonomy":"post_tag","embeddable":true,"href":"https:\/\/radiowebmx.com\/nota\/wp-json\/wp\/v2\/tags?post=55081"}],"curies":[{"name":"wp","href":"https:\/\/api.w.org\/{rel}","templated":true}]}}