{"id":5508,"date":"2014-01-28T12:13:47","date_gmt":"2014-01-28T18:13:47","guid":{"rendered":"https:\/\/radiowebmx.com\/nota\/?p=5508"},"modified":"2014-02-17T12:31:23","modified_gmt":"2014-02-17T18:31:23","slug":"morelia-sera-este-2014-la-ciudad-creativa-de-mexico","status":"publish","type":"post","link":"https:\/\/radiowebmx.com\/nota\/morelia-sera-este-2014-la-ciudad-creativa-de-mexico\/","title":{"rendered":"Morelia ser\u00e1 este 2014 la ciudad creativa de M\u00e9xico"},"content":{"rendered":"<p><span style=\"font-size: medium;\"><span style=\"color: #000000;\"><a href=\"https:\/\/radiowebmx.com\/nota\/wp-content\/uploads\/2014\/02\/1015810_714491251916761_747339752_o.jpg\"><img loading=\"lazy\" decoding=\"async\" class=\"alignleft size-full wp-image-5509\" alt=\"1015810_714491251916761_747339752_o\" src=\"https:\/\/radiowebmx.com\/nota\/wp-content\/uploads\/2014\/02\/1015810_714491251916761_747339752_o.jpg\" width=\"591\" height=\"291\" \/><\/a>En el marco de la presentaci\u00f3n del programa de La Bienal Internacional del Cartel en M\u00e9xico (BICM) que este a\u00f1o festejar\u00e1 su XXV Aniversario, el Presidente municipal de Morelia, Wilfrido L\u00e1zaro Medina, dijo que el municipio est\u00e1 listo para recibir a invitados de\u00a0 m\u00e1s de 40 pa\u00edses que participar\u00e1n este a\u00f1o en el Congreso Mundial de Dise\u00f1o que se celebrar\u00e1 del 29 de octubre al 2 de noviembre en la capital michoacana, coincidiendo con la celebraci\u00f3n del D\u00eda de Muertos, que es, por tradici\u00f3n, la festividad m\u00e1s importante de Michoac\u00e1n.<\/span><\/span><\/p>\n<p><span style=\"font-size: medium;\">El edil moreliano ratific\u00f3 que la Suma de Voluntades de los gobiernos federal, estatal y municipal as\u00ed como de la Universidad Michoacana, y la Universidad Latina de Am\u00e9rica, dio como resultado que la BICM determinara como sede del Congreso Mundial de Dise\u00f1o a Morelia, Ciudad Patrimonio de la Humanidad, posicion\u00e1ndola as\u00ed como la ciudad creativa del pa\u00eds.<\/span><\/p>\n<p><span style=\"font-size: medium;\">\u201cEste hecho nos enorgullece y nos obliga a trabajar y coadyuvar en la realizaci\u00f3n de \u00e9ste y otros eventos trascendentes\u00a0que en el 2014 se realizar\u00e1n en Morelia, entre ellos, en materia deportiva, el Mundial de Nataci\u00f3n para personas con S\u00edndrome de Down; en cultura, los festivales de \u00d3rgano, de M\u00fasica y de Cine que ya tienen reconocimiento internacional y la Feria Internacional de Ciudades Hermanas\u201d, coment\u00f3 L\u00e1zaro Medina.<\/span><\/p>\n<p><span style=\"font-size: medium;\">El evento, que reunir\u00e1 a creativos de todo el orbe, tendr\u00e1 como sede el Campus de la Universidad Latina de Am\u00e9rica donde con la colaboraci\u00f3n de la Secretar\u00eda de Turismo Municipal se realizar\u00e1 un programa especial de D\u00eda de Muertos, con m\u00fasica y gastronom\u00eda tradicional de Michoac\u00e1n.<\/span><\/p>\n<p><span style=\"font-size: medium;\">En el evento que se desarroll\u00f3 en el Auditorio \u201cPedro L\u00f3pez\u201d, del museo Franz Meyer, estuvieron presentes \u00a0el secretario de Cultura, Marco Antonio Aguilar Cort\u00e9s, en representaci\u00f3n del Gobierno del estado; Roberto Mantilla Sahag\u00fan, rector de la UNLA; entre otras personalidades representantes de instituciones organizadoras y convocantes de la BICM.<\/span><\/p>\n<p><span style=\"font-size: medium;\">De la misma forma, se dio a conocer que tambi\u00e9n en la capital michoacana del 5 al 7 de marzo 600 estudiantes seleccionados de m\u00e1s de 60 escuelas de las 31 entidades federativas de M\u00e9xico participar\u00e1n en una serie de talleres encaminados a elaborar 10 de los 50 carteles de la colecci\u00f3n \u201cMichoac\u00e1n el Alma de M\u00e9xico\u201d.<\/span><\/p>\n<p><span style=\"font-size: medium;\">Del resto de los carteles (40), un total de 20 ser\u00e1n elaborados por<span style=\"color: #000000;\">\u00a0los mejores dise\u00f1adores de cartel de la Rep\u00fablica Mexicana y los otros 20 ser\u00e1n creados por dise\u00f1adores michoacanos.<\/span><\/span><\/p>\n<p><span style=\"font-size: medium;\"><span style=\"color: #000000;\">El resultado de estos trabajos ser\u00e1 presentado a las secretar\u00edas de Turismo Federal y Estatal de Michoac\u00e1n as\u00ed como a la Direcci\u00f3n General de Cooperaci\u00f3n Educativa y Cultural, d\u00e1ndoles la opci\u00f3n de imprimirla digitalmente para su presentaci\u00f3n a nivel nacional e internacional.<\/span><\/span><\/p>\n","protected":false},"excerpt":{"rendered":"<p>En el marco de la presentaci\u00f3n del programa de La Bienal Internacional del Cartel en M\u00e9xico (BICM) que este a\u00f1o festejar\u00e1 su XXV Aniversario,<\/p>\n","protected":false},"author":1,"featured_media":0,"comment_status":"open","ping_status":"open","sticky":false,"template":"","format":"standard","meta":{"footnotes":""},"categories":[14,9],"tags":[],"class_list":["post-5508","post","type-post","status-publish","format-standard","hentry","category-destacadas","category-morelia"],"_links":{"self":[{"href":"https:\/\/radiowebmx.com\/nota\/wp-json\/wp\/v2\/posts\/5508","targetHints":{"allow":["GET"]}}],"collection":[{"href":"https:\/\/radiowebmx.com\/nota\/wp-json\/wp\/v2\/posts"}],"about":[{"href":"https:\/\/radiowebmx.com\/nota\/wp-json\/wp\/v2\/types\/post"}],"author":[{"embeddable":true,"href":"https:\/\/radiowebmx.com\/nota\/wp-json\/wp\/v2\/users\/1"}],"replies":[{"embeddable":true,"href":"https:\/\/radiowebmx.com\/nota\/wp-json\/wp\/v2\/comments?post=5508"}],"version-history":[{"count":4,"href":"https:\/\/radiowebmx.com\/nota\/wp-json\/wp\/v2\/posts\/5508\/revisions"}],"predecessor-version":[{"id":5511,"href":"https:\/\/radiowebmx.com\/nota\/wp-json\/wp\/v2\/posts\/5508\/revisions\/5511"}],"wp:attachment":[{"href":"https:\/\/radiowebmx.com\/nota\/wp-json\/wp\/v2\/media?parent=5508"}],"wp:term":[{"taxonomy":"category","embeddable":true,"href":"https:\/\/radiowebmx.com\/nota\/wp-json\/wp\/v2\/categories?post=5508"},{"taxonomy":"post_tag","embeddable":true,"href":"https:\/\/radiowebmx.com\/nota\/wp-json\/wp\/v2\/tags?post=5508"}],"curies":[{"name":"wp","href":"https:\/\/api.w.org\/{rel}","templated":true}]}}