{"id":55058,"date":"2018-07-13T15:53:30","date_gmt":"2018-07-13T20:53:30","guid":{"rendered":"https:\/\/radiowebmx.com\/nota\/?p=55058"},"modified":"2018-07-17T11:00:03","modified_gmt":"2018-07-17T16:00:03","slug":"el-pri-saldra-al-encuentro-del-mexico-nuevo-asegura-rene-juarez-cisneros","status":"publish","type":"post","link":"https:\/\/radiowebmx.com\/nota\/el-pri-saldra-al-encuentro-del-mexico-nuevo-asegura-rene-juarez-cisneros\/","title":{"rendered":"El PRI saldr\u00e1 al encuentro del M\u00e9xico nuevo, asegura Ren\u00e9 Ju\u00e1rez Cisneros"},"content":{"rendered":"<p><img loading=\"lazy\" decoding=\"async\" class=\"\" src=\"https:\/\/attachment.outlook.live.net\/owa\/ultrapolitica@hotmail.com\/service.svc\/s\/GetAttachmentThumbnail?id=AQMkADAwATYwMAItODMyNi00ODU0LTAwAi0wMAoARgAAA5HawHgQuq9DrqMPu%2BRLC5sHANRV7lYdW%2FpNtd2j%2BEW2swoAAAIBDAAAANRV7lYdW%2FpNtd2j%2BEW2swoAAoh2vPAAAAABEgAQAAa3LZxaMPxOpsu7RDArOC0%3D&amp;thumbnailType=2&amp;X-OWA-CANARY=4-2h6JR9_0qjjXiPxa9fmxC7ihP-69UYqG2HZc6pnMcdBbi34yRWlGLa1-NPZDvko5LVj_gLHME.&amp;token=eyJhbGciOiJSUzI1NiIsImtpZCI6IjA2MDBGOUY2NzQ2MjA3MzdFNzM0MDRFMjg3QzQ1QTgxOENCN0NFQjgiLCJ4NXQiOiJCZ0Q1OW5SaUJ6Zm5OQVRpaDhSYWdZeTN6cmciLCJ0eXAiOiJKV1QifQ.eyJ2ZXIiOiJFeGNoYW5nZS5DYWxsYmFjay5WMSIsImFwcGN0eHNlbmRlciI6Ik93YURvd25sb2FkQDg0ZGY5ZTdmLWU5ZjYtNDBhZi1iNDM1LWFhYWFhYWFhYWFhYSIsImFwcGN0eCI6IntcIm1zZXhjaHByb3RcIjpcIm93YVwiLFwicHJpbWFyeXNpZFwiOlwiUy0xLTI4MjctMzkzMjE2LTIyMDAzMjQxODBcIixcInB1aWRcIjpcIjE2ODg4NTIwNjA1ODgxMTZcIixcIm9pZFwiOlwiMDAwNjAwMDAtODMyNi00ODU0LTAwMDAtMDAwMDAwMDAwMDAwXCIsXCJzY29wZVwiOlwiT3dhRG93bmxvYWRcIn0iLCJuYmYiOjE1MzE4NDI5MTQsImV4cCI6MTUzMTg0MzUxNCwiaXNzIjoiMDAwMDAwMDItMDAwMC0wZmYxLWNlMDAtMDAwMDAwMDAwMDAwQDg0ZGY5ZTdmLWU5ZjYtNDBhZi1iNDM1LWFhYWFhYWFhYWFhYSIsImF1ZCI6IjAwMDAwMDAyLTAwMDAtMGZmMS1jZTAwLTAwMDAwMDAwMDAwMC9hdHRhY2htZW50Lm91dGxvb2subGl2ZS5uZXRAODRkZjllN2YtZTlmNi00MGFmLWI0MzUtYWFhYWFhYWFhYWFhIn0.hG3wnFVFxrQ_Lkpv1AvDEjZqNRgxr6zoxwRltYB19Vo7Jayy7TNdTusB8UaK4fPNLj6u15xvVvI1hwdDR51OmEOve3Srrd01xsFBMNsaNyaU4-iXmvb_bzhDZs9srIlAgdc6iGnLLlWEuI1Qh6bUy51541xcFobfOXMsnko_3m4P4nauVyzZrsiLD8Rd6q5pTTECKqAfaIXlXBiOsyjrUdy8cN15sHKDePabTXITd5NLee2Lq0etA2gmujhKX3cnFX0Iyme8yo2KakkxMP5z6Xcz6-4Z1_Fg0MIkK9ICHkmB-24bCxVJMmRSrpl_HsO3E9TJbgxoUKPrVX1mPJdtzw&amp;owa=outlook.live.com&amp;isc=1\" width=\"400\" height=\"256\" \/><\/p>\n<p>&nbsp;<\/p>\n<ul>\n<li><strong>Se re\u00fane con presidentes de los Comit\u00e9s Directivos Estatales (CDE), delegados del CEN y comisionados pol\u00edticos de cada entidad federativa<\/strong><\/li>\n<li><strong>Resalta que el reto por delante es adecuarse a las circunstancias y a la nueva realidad pol\u00edtica del pa\u00eds<\/strong><\/li>\n<li><strong>Anima a construir una m\u00edstica dentro del priismo, fortaleciendo su unidad y anteponiendo los intereses del pa\u00eds<\/strong><\/li>\n<\/ul>\n<p>&nbsp;<\/p>\n<p>El Presidente del Comit\u00e9 Ejecutivo Nacional del PRI, Ren\u00e9 Ju\u00e1rez Cisneros, manifest\u00f3 que el Revolucionario Institucional es un gran partido que saldr\u00e1 al encuentro del M\u00e9xico nuevo, con \u00e1nimo renovado y en unidad\u201d.<\/p>\n<p>Sostuvo que \u201cel PRI es una instituci\u00f3n con futuro y oportunidades para seguir sirviendo a las y los mexicanos\u201d.<\/p>\n<p>Durante una reuni\u00f3n de trabajo y evaluaci\u00f3n que sostuvo con los presidentes de los Comit\u00e9s Directivos Estatales,\u00a0 delegados del CEN y comisionados pol\u00edticos en cada entidad del pa\u00eds, el l\u00edder nacional hizo notar que el reto por delante consiste en revisar formas y m\u00e9todos de trabajo a fin de adecuarlos a las nuevas circunstancias.<\/p>\n<p>Exhort\u00f3 a los dirigentes estatales del tricolor a hacer con amplitud y de manera democr\u00e1tica el ejercicio de reflexi\u00f3n profunda, para recoger el sentir de la bases y, de ser necesario, cambiar aquello que lo lleve a una mayor identidad con los sectores sociales del pa\u00eds.<\/p>\n<p>Ju\u00e1rez Cisneros los conmin\u00f3 a estar abiertos a las inquietudes de la militancia y, con responsabilidad, dar cauce a las propuestas que contribuyan a la transformaci\u00f3n del PRI, para que salga al encuentro del nuevo M\u00e9xico.<\/p>\n<p>En ese sentido, el dirigente tricolor enfatiz\u00f3 la necesidad de \u201cconstruir una nueva m\u00edstica dentro del priismo, fortaleciendo su unidad y sin olvidar que es un partido de causas y anteponiendo los intereses del pa\u00eds\u201d.<\/p>\n<p>Hizo notar que el reto es enorme, ya que en 2019 habr\u00e1 comicios locales en distintas entidades federativas \u2013Aguascalientes, Baja California, Durango, Quintana Roo y Tamaulipas, as\u00ed como una elecci\u00f3n extraordinaria en Puebla-, por lo que deber\u00e1n redoblarse esfuerzos para obtener las preferencias ciudadanas.<\/p>\n","protected":false},"excerpt":{"rendered":"<p>&nbsp; Se re\u00fane con presidentes de los Comit\u00e9s Directivos Estatales (CDE), delegados del CEN y comisionados pol\u00edticos de cada entidad federativa Resalta que el reto por delante es adecuarse a las circunstancias y a la nueva realidad pol\u00edtica del pa\u00eds Anima a construir una m\u00edstica dentro del priismo, fortaleciendo su unidad y anteponiendo los intereses [&hellip;]<\/p>\n","protected":false},"author":2,"featured_media":55059,"comment_status":"closed","ping_status":"closed","sticky":false,"template":"","format":"standard","meta":{"footnotes":""},"categories":[4,14,11,12],"tags":[],"class_list":["post-55058","post","type-post","status-publish","format-standard","has-post-thumbnail","hentry","category-columnistas","category-destacadas","category-partidos-politicos","category-pri"],"_links":{"self":[{"href":"https:\/\/radiowebmx.com\/nota\/wp-json\/wp\/v2\/posts\/55058","targetHints":{"allow":["GET"]}}],"collection":[{"href":"https:\/\/radiowebmx.com\/nota\/wp-json\/wp\/v2\/posts"}],"about":[{"href":"https:\/\/radiowebmx.com\/nota\/wp-json\/wp\/v2\/types\/post"}],"author":[{"embeddable":true,"href":"https:\/\/radiowebmx.com\/nota\/wp-json\/wp\/v2\/users\/2"}],"replies":[{"embeddable":true,"href":"https:\/\/radiowebmx.com\/nota\/wp-json\/wp\/v2\/comments?post=55058"}],"version-history":[{"count":1,"href":"https:\/\/radiowebmx.com\/nota\/wp-json\/wp\/v2\/posts\/55058\/revisions"}],"predecessor-version":[{"id":55060,"href":"https:\/\/radiowebmx.com\/nota\/wp-json\/wp\/v2\/posts\/55058\/revisions\/55060"}],"wp:featuredmedia":[{"embeddable":true,"href":"https:\/\/radiowebmx.com\/nota\/wp-json\/wp\/v2\/media\/55059"}],"wp:attachment":[{"href":"https:\/\/radiowebmx.com\/nota\/wp-json\/wp\/v2\/media?parent=55058"}],"wp:term":[{"taxonomy":"category","embeddable":true,"href":"https:\/\/radiowebmx.com\/nota\/wp-json\/wp\/v2\/categories?post=55058"},{"taxonomy":"post_tag","embeddable":true,"href":"https:\/\/radiowebmx.com\/nota\/wp-json\/wp\/v2\/tags?post=55058"}],"curies":[{"name":"wp","href":"https:\/\/api.w.org\/{rel}","templated":true}]}}