{"id":54991,"date":"2018-07-12T10:17:15","date_gmt":"2018-07-12T15:17:15","guid":{"rendered":"https:\/\/radiowebmx.com\/nota\/?p=54991"},"modified":"2018-07-12T10:17:15","modified_gmt":"2018-07-12T15:17:15","slug":"temas-de-cafe-893","status":"publish","type":"post","link":"https:\/\/radiowebmx.com\/nota\/temas-de-cafe-893\/","title":{"rendered":"TEMAS DE CAF\u00c9"},"content":{"rendered":"<ul>\n<li><strong>EL AGUA TIENE BUENA MEMORIA<\/strong><\/li>\n<li><strong>HABRA EXPERIENCIA LEGISLATIVA<\/strong><\/li>\n<li><strong>LEONEL EXPERTO EN CRIMINOLOGIA<\/strong><\/li>\n<li><strong>JUAREZ AL FRENTE PRI HASTA 2019<\/strong><\/li>\n<\/ul>\n<p>Por Juan Manuel BELMONTE<\/p>\n<p>Nunca antes se hab\u00edan visto escenas tan dram\u00e1ticas y espeluznantes en Morelia, como las que tuvimos que ver hace d\u00edas en las faldas del cerro del Quinceo, al poniente de la capital michoacana donde\u00a0 si no se hace algo, se va a convertir en escenario recurrente de estas escenas, porque\u00a0 afirman quienes saben de esto que el agua tiene memoria, y siempre recuerda sus cauces y desde luego que esta tragedia tiene responsables, y son varios los culpables desde los ejidatarios que venden sus tierras, fraccionadores que construyen en tierras que saben bien no son aptas para vivienda, las autoridades federales porque lo permiten, las estatales y municipales porque no hacen nada y en el peor de los casos, si concedieron los permisos correspondientes de cambio de uso del suelo.<\/p>\n<p>OPTIMA RESPUESTA CIVIL ESTATAL Y DEL EJERCITO<\/p>\n<p>Casi todas las cosas de la vida\u00a0 tienen por lo menos dos aristas, en este caso tenemos una mala y una buena, la mala son los deslaves que provocaron grandes p\u00e9rdidas, afortunadamente no humanas pero si de casas precarias y varios veh\u00edculos, el gobernador del estado Silvano Aureoles dio instrucciones para que se ofrecieran apoyos, a los damnificados y la Secretaria de Seguridad P\u00fablica tambi\u00e9n vigil\u00f3, que no hubiera saqueos, la Cruz Roja asisti\u00f3 a los que necesitaron auxilio m\u00e9dico, y la gente acudi\u00f3 a ayudar en lo que pod\u00eda y crearon centros de acopio, de los art\u00edculos que se requieren en estos casos.<\/p>\n<p>CULPABLE LA NATURALEZA NO LOS CONSTRUCTORES<\/p>\n<p>El presidente de la C\u00e1mara\u00a0 Nacional de la Industria de la Construcci\u00f3n, Jes\u00fas Antonio Mazier dijo que los da\u00f1os provocados por las inundaciones, fueron m\u00e1s por la naturaleza que por los constructores, aunque dijo no conocer a la empresa, que se encarg\u00f3 de las construcciones que se encuentran en la zona da\u00f1ada, dijo que para construir tuvieron que tener todos los permisos correspondientes, para fraccionamientos como los que ah\u00ed est\u00e1n como cambio de uso del suelo,\u00a0 impacto ambiental y de riesgo entre otros, y la verdad dudamos que tengan sus permisos correspondientes, si los tienen los culpables son las autoridades federales, estatales, municipales y desde luego los ejidatarios.<\/p>\n<p>Porque esa parte del Quinceo se encuentra totalmente deforestado, lo cual es propicio para los deslaves\u00a0 porque ya les han ofrecido programas para rehabilitar, esa zona con programas de reforestaci\u00f3n y crear adem\u00e1s una zona de recreo, con lugares apropiados para la recreaci\u00f3n como comedores, kioscos,\u00a0 motos, bicicletas y caballos para recorrer los senderos, pero siempre se han negado a participar porque lo \u00fanico que les interesa, es vender sus tierras al margen de que sean \u00e1reas de alto riesgo.<\/p>\n<p>HABRA EXPERIENCIA LEGISLATIVA EN EL CONGRESO<\/p>\n<p>En cuanto a la bancada de Morena que como le hemos comentado tiene de todos los colores y sabores, destaca Cristina Portillo quien ha sido diputada federal y local en dos ocasiones, tambi\u00e9n ha sido secretaria de la mujer, entre otras cosas\u00a0 por lo cual tiene suficiente experiencia legislativa, por lo que podr\u00eda convertirse en la coordinadora de la bancada de Morena, aunque claro ah\u00ed estar\u00e1\u00a0 Alfredo Ram\u00edrez Bedolla, quien no tiene experiencia legislativa pero es uno de los fundadores de Morena en la entida.<\/p>\n<p>En cuanto a Brenda Fraga logr\u00f3 su elecci\u00f3n de mayor\u00eda despu\u00e9s de ser, diputada plurinominal por el PT, los tres tienen experiencia legislativa, el resto no por otra parte una buena cantidad de diputados y diputadas electas por Morena pertenecen, a la CNTE por lo cual esta agrupaci\u00f3n magisterial\u00a0 tendr\u00e1 suficiente respaldo, en el pr\u00f3ximo congreso del estado de Michoac\u00e1n cuyos resultados est\u00e1n por conocerse, despu\u00e9s de septiembre cuando asuman su responsabilidad legislativa.<\/p>\n<p>LA BANCADA DEL PAN ENTRE LAS M\u00c1S DEBILES<\/p>\n<p>En cuanto a experiencia legislativa ya que de toda la bancada solamente \u00a0Adriana Gabriela Ceballos, ha sido diputada local todos los dem\u00e1s han sido por lo general presidentes municipales, como Hugo Anaya Avila de La Piedad,\u00a0 Arturo Hern\u00e1ndez V\u00e1zquez de Tanganc\u00edcuaro, porque ni modo que Marko se Atreva a impulsar a su hermano David Alejandro Cort\u00e9s, totalmente novato\u00a0 en estos menesteres legislativos.<\/p>\n<p>LA PRIISTA BREVE PERO CON AMPLIA EXPERIENCIA<\/p>\n<p>Tenemos a la mini bancada priista por primera vez en la historia legislativa en Michoac\u00e1n, la cual solamente tendr\u00e1 cuatro legisladores ya que nunca antes hab\u00eda estado, en esta situaci\u00f3n por lo general tuvo mayor\u00eda o bien muy cerca, pero en cuanto calidad\u00a0 legislativa no tienen comparaci\u00f3n ya que por ejemplo, Adriana\u00a0 Hern\u00e1ndez ha sido diputada federal, ya fue local de mayor\u00eda y ahora ser\u00e1 plurinominal, tambi\u00e9n es coordinadora de la bancada priista actualmente, la sigue Yarab\u00ed Avila la primera vez gan\u00f3 su diputaci\u00f3n\u00a0 de mayor\u00eda.<\/p>\n<p>Ahora va como plurinominal tambi\u00e9n tiene experiencia legislativa, les siguen Marco Polo Aguirre quien tambi\u00e9n\u00a0 tiene una amplia trayectoria legislativa, ya que ha ido diputado federal y ahora diputado local, adem\u00e1s coordin\u00f3 la bancada federal por un tiempo, finalmente Eduardo Orihuela quien es consejero a nivel nacional de la CNOP, tambi\u00e9n\u00a0 ya\u00a0 fue diputado local y vuelve a serlo por la misma v\u00eda plurinominal.<\/p>\n<p>ILOGICO QUE PELEARAN POR LA COORDINACI\u00d3N<\/p>\n<p>Ya les comentamos que la pr\u00f3xima bancada legislativa priista en el congreso estatal, ser\u00e1 solamente de cuatro diputados Adriana, Yarab\u00ed, Marco Polo y Eduardo dos mujeres y dos hombres por lo que suponemos que Adriana Hern\u00e1ndez volver\u00e1 ser, la coordinadora de la bancada porque es casi seguro que Yarab\u00ed, haga equipo con Adriana igual que Marco Polo as\u00ed puede ser que Eduardo Orihuela, quien tambi\u00e9n ha mostrado su inter\u00e9s en convertirse en el pr\u00f3ximo coordinador de la mini bancada, porque la fuente de poder que emana de Castillo, Ochoa Reza y Chon Orihuela est\u00e1 pr\u00f3xima a su ocaso pol\u00edtico.<\/p>\n<p>DOS FENOMENOS POLITICOS EN MICHOACAN<\/p>\n<p>Es necesario comentarles antes de hacerlo de los pr\u00f3ximos legisladores del PT y MC, sobre dos casos que nos ha llamado la atenci\u00f3n el primero caso es Antonio Salas Valencia, quien ha estado en la presidencia municipal de Los Reyes, en la diputaci\u00f3n\u00a0 local, en la federal todas estas posiciones por el PAN, pero ahora otra vez ser\u00e1 diputado local pero ahora por el Movimiento Ciudadano, por lo cual Antonio Salas Valencia es todo un caso especial en la pol\u00edtica mexicana,\u00a0 y claro en\u00a0 la michoacana y desde luego debe tener algo muy especial, para haber logrado todas esas posicione pol\u00edticas.<\/p>\n<p>El otro es el de Baltazar Gaona quien por quinta ocasi\u00f3n\u00a0 ser\u00e1 presidente municipal de Tar\u00edmbaro, municipio a solamente unos cuantos kil\u00f3metros de Morelia, por lo cual desde hace a\u00f1os se encuentra conurbada con la capital del estado, Baltazar ha sido diputado local, actualmente es\u00a0 acalde de Tar\u00edmbaro y como gan\u00f3 su reelecci\u00f3n, lo ser\u00e1 por quinta ocasi\u00f3n las dos \u00faltimas ser\u00e1n\u00a0 continuas.<\/p>\n<p>LA BANCADA VERDE, ERNESTO NU\u00d1EZ ES UN EXPERTO<\/p>\n<p>Entre los casos especiales tambi\u00e9n tenemos que incluir a Ernesto N\u00fa\u00f1ez Aguilar, tambi\u00e9n es un caso muy especial ya que primero fue diputado federal por el PRI, despu\u00e9s fue diputado local ambos por mayor\u00eda y actualmente es diputado local plurinominal,\u00a0 adem\u00e1s es dirigente estatal del Verde en la entidad, que por primera vez en la historia en la entidad, tendr\u00e1 ocho presidencias municipales solo y diez en coalici\u00f3n con el PRD.<\/p>\n<p>RENE JUAREZ AL FRENTE DEL PRI HASTA EL 19<\/p>\n<p>El dirigente nacional de la CTM Carlos Aceves del Olmo dijo que Ren\u00e9 Ju\u00e1rez Cisneros, estar\u00e1 al frente de la dirigencia nacional del PRI, \u201cy esto no porque \u00e9l quiera sino porque nosotros se lo pedimos, por\u00a0 la valent\u00eda con la cual ha manejado al partido \u201cdijo el dirigente nacional cetemista despu\u00e9s de una reuni\u00f3n privada, que tuvieron en la sede de la CTM en la capital del pa\u00eds, este respaldo que ha estado recibiendo el dirigente nacional del RI, son para consolidar su dirigencia ante los embates de personajes como Ulises Ruiz.<\/p>\n<p>LEONEL GODOY EXPERTO EN CRIMINOLOGIA<\/p>\n<p>Olga S\u00e1nchez Cordero la ex ministra que pronto ser\u00e1 Secretaria de Gobernaci\u00f3n, quedo muy impresionada con Leonel Godoy Rangel ex gobernador michoacano, y ex dirigente nacional del PRD quien se integrar\u00e1 a su equipo de trabajo, ya que dijo que Leonel es un experto en criminolog\u00eda, adem\u00e1s agreg\u00f3 la se\u00f1ora Olga S\u00e1nchez Cordero, es experto en el nuevo sistema penal acusatorio y desde luego esperamos que se refiera\u00a0 al Leonel Godoy que conocemos, ya que no sab\u00edamos todo eso del ex gobernador del estado.\u00a0 M\u00e1s informaci\u00f3n en <a href=\"http:\/\/www.temasdecafe.com\">www.temasdecafe.com<\/a>.<\/p>\n<p>&nbsp;<\/p>\n<p>&nbsp;<\/p>\n","protected":false},"excerpt":{"rendered":"<p>EL AGUA TIENE BUENA MEMORIA HABRA EXPERIENCIA LEGISLATIVA LEONEL EXPERTO EN CRIMINOLOGIA JUAREZ AL FRENTE PRI HASTA 2019 Por Juan Manuel BELMONTE Nunca antes se hab\u00edan visto escenas tan dram\u00e1ticas y espeluznantes en Morelia, como las que tuvimos que ver hace d\u00edas en las faldas del cerro del Quinceo, al poniente de la capital michoacana [&hellip;]<\/p>\n","protected":false},"author":2,"featured_media":54026,"comment_status":"closed","ping_status":"closed","sticky":false,"template":"","format":"standard","meta":{"footnotes":""},"categories":[4,10],"tags":[],"class_list":["post-54991","post","type-post","status-publish","format-standard","has-post-thumbnail","hentry","category-columnistas","category-juan-manuel-belmonte"],"_links":{"self":[{"href":"https:\/\/radiowebmx.com\/nota\/wp-json\/wp\/v2\/posts\/54991","targetHints":{"allow":["GET"]}}],"collection":[{"href":"https:\/\/radiowebmx.com\/nota\/wp-json\/wp\/v2\/posts"}],"about":[{"href":"https:\/\/radiowebmx.com\/nota\/wp-json\/wp\/v2\/types\/post"}],"author":[{"embeddable":true,"href":"https:\/\/radiowebmx.com\/nota\/wp-json\/wp\/v2\/users\/2"}],"replies":[{"embeddable":true,"href":"https:\/\/radiowebmx.com\/nota\/wp-json\/wp\/v2\/comments?post=54991"}],"version-history":[{"count":1,"href":"https:\/\/radiowebmx.com\/nota\/wp-json\/wp\/v2\/posts\/54991\/revisions"}],"predecessor-version":[{"id":54992,"href":"https:\/\/radiowebmx.com\/nota\/wp-json\/wp\/v2\/posts\/54991\/revisions\/54992"}],"wp:featuredmedia":[{"embeddable":true,"href":"https:\/\/radiowebmx.com\/nota\/wp-json\/wp\/v2\/media\/54026"}],"wp:attachment":[{"href":"https:\/\/radiowebmx.com\/nota\/wp-json\/wp\/v2\/media?parent=54991"}],"wp:term":[{"taxonomy":"category","embeddable":true,"href":"https:\/\/radiowebmx.com\/nota\/wp-json\/wp\/v2\/categories?post=54991"},{"taxonomy":"post_tag","embeddable":true,"href":"https:\/\/radiowebmx.com\/nota\/wp-json\/wp\/v2\/tags?post=54991"}],"curies":[{"name":"wp","href":"https:\/\/api.w.org\/{rel}","templated":true}]}}