{"id":54976,"date":"2018-07-11T13:18:02","date_gmt":"2018-07-11T18:18:02","guid":{"rendered":"https:\/\/radiowebmx.com\/nota\/?p=54976"},"modified":"2018-07-11T14:19:29","modified_gmt":"2018-07-11T19:19:29","slug":"giran-orden-de-aprehension-contra-militantes-de-morena-en-puebla","status":"publish","type":"post","link":"https:\/\/radiowebmx.com\/nota\/giran-orden-de-aprehension-contra-militantes-de-morena-en-puebla\/","title":{"rendered":"Giran orden de aprehensi\u00f3n contra militantes de Morena en Puebla"},"content":{"rendered":"<p>La dirigencia estatal de Morena anunci\u00f3 que se gir\u00f3 \u00f3rdenes de aprehensi\u00f3n contra varios militantes del partido, entre ellos el dirigente estatal Gabriel Biestro Medinilla.<\/p>\n<p>Algunos medios locales informaron que los senadores electos Nancy de la Sierra y Alejandro Armenta Mier, y del virtual diputado electo, Jos\u00e9 Juan Espinosa Torres, tambi\u00e9n tienen orden de aprehensi\u00f3n.<\/p>\n<p>Las \u00f3rdenes son por su probable participaci\u00f3n en delitos como mot\u00edn, privaci\u00f3n ilegal de la libertad, lesiones calificadas y da\u00f1o en propiedad ajena,\u00a0<a href=\"https:\/\/www.animalpolitico.com\/2018\/07\/disparos-amenazas-y-golpes-el-modus-operandi-de-los-grupos-que-violentaron-eleccion-en-puebla\/\" target=\"_blank\" rel=\"noopener\" data-id=\"142\" data-m=\"{&quot;i&quot;:142,&quot;p&quot;:83,&quot;n&quot;:&quot;partnerLink&quot;,&quot;y&quot;:24,&quot;o&quot;:2}\">cometidos durante la trifulca<\/a>\u00a0en el Hotel MM el 3 de julio.<\/p>\n<p>\u201cCon esta y otras probables \u00f3rdenes de aprehensi\u00f3n, el morenovallismo muestra su cara m\u00e1s autoritaria y ruin, al utilizar a las instituciones p\u00fablicas, como es la Fiscal\u00eda General,\u00a0 para\u00a0 perseguir a disidentes pol\u00edticos\u201d, se\u00f1al\u00f3 en un\u00a0<a href=\"http:\/\/morenaenpuebla.org\/comunicado-de-prensa-10-de-julio-del-2018\/\" target=\"_blank\" rel=\"noopener\" data-id=\"143\" data-m=\"{&quot;i&quot;:143,&quot;p&quot;:83,&quot;n&quot;:&quot;partnerLink&quot;,&quot;y&quot;:24,&quot;o&quot;:3}\">comunicado.<\/a><\/p>\n<p>El partido tambi\u00e9n neg\u00f3 que sus integrantes hubieran sustra\u00eddo alg\u00fan equipo o material que se encontraba en el Hotel MM. La presencia de los dirigentes, indic\u00f3, fue para garantizar que las autoridades y peritos pudieran recolectar y analizar todas las evidencias ah\u00ed encontradas.<\/p>\n<p>Morena asegur\u00f3 que los compa\u00f1eros se retiraron cuando la polic\u00eda federal y la Fepade aseguraron el lugar de los hechos.<\/p>\n<p>\u201cSi piensan que por medio de \u00f3rdenes de aprehensi\u00f3n vamos a desistir de luchar en contra del fraude electoral, se equivocan. No nos van a amedrentar, ni nos van a intimidar\u201d, aseguraron.<\/p>\n<p>El enlace de comunicaci\u00f3n social de la Fiscal\u00eda dijo que la investigaci\u00f3n de lo ocurrido en el hotel MM contin\u00faa y descart\u00f3 que existan \u00f3rdenes de aprehensi\u00f3n, aclarando que el caso ser\u00e1 turnado al Centro de Mediaci\u00f3n.<\/p>\n","protected":false},"excerpt":{"rendered":"<p>La dirigencia estatal de Morena anunci\u00f3 que se gir\u00f3 \u00f3rdenes de aprehensi\u00f3n contra varios militantes del partido, entre ellos el dirigente estatal Gabriel Biestro Medinilla. Algunos medios locales informaron que los senadores electos Nancy de la Sierra y Alejandro Armenta Mier, y del virtual diputado electo, Jos\u00e9 Juan Espinosa Torres, tambi\u00e9n tienen orden de aprehensi\u00f3n. [&hellip;]<\/p>\n","protected":false},"author":2,"featured_media":54977,"comment_status":"closed","ping_status":"closed","sticky":false,"template":"","format":"standard","meta":{"footnotes":""},"categories":[14],"tags":[],"class_list":["post-54976","post","type-post","status-publish","format-standard","has-post-thumbnail","hentry","category-destacadas"],"_links":{"self":[{"href":"https:\/\/radiowebmx.com\/nota\/wp-json\/wp\/v2\/posts\/54976","targetHints":{"allow":["GET"]}}],"collection":[{"href":"https:\/\/radiowebmx.com\/nota\/wp-json\/wp\/v2\/posts"}],"about":[{"href":"https:\/\/radiowebmx.com\/nota\/wp-json\/wp\/v2\/types\/post"}],"author":[{"embeddable":true,"href":"https:\/\/radiowebmx.com\/nota\/wp-json\/wp\/v2\/users\/2"}],"replies":[{"embeddable":true,"href":"https:\/\/radiowebmx.com\/nota\/wp-json\/wp\/v2\/comments?post=54976"}],"version-history":[{"count":1,"href":"https:\/\/radiowebmx.com\/nota\/wp-json\/wp\/v2\/posts\/54976\/revisions"}],"predecessor-version":[{"id":54978,"href":"https:\/\/radiowebmx.com\/nota\/wp-json\/wp\/v2\/posts\/54976\/revisions\/54978"}],"wp:featuredmedia":[{"embeddable":true,"href":"https:\/\/radiowebmx.com\/nota\/wp-json\/wp\/v2\/media\/54977"}],"wp:attachment":[{"href":"https:\/\/radiowebmx.com\/nota\/wp-json\/wp\/v2\/media?parent=54976"}],"wp:term":[{"taxonomy":"category","embeddable":true,"href":"https:\/\/radiowebmx.com\/nota\/wp-json\/wp\/v2\/categories?post=54976"},{"taxonomy":"post_tag","embeddable":true,"href":"https:\/\/radiowebmx.com\/nota\/wp-json\/wp\/v2\/tags?post=54976"}],"curies":[{"name":"wp","href":"https:\/\/api.w.org\/{rel}","templated":true}]}}