{"id":54973,"date":"2018-07-11T10:55:08","date_gmt":"2018-07-11T15:55:08","guid":{"rendered":"https:\/\/radiowebmx.com\/nota\/?p=54973"},"modified":"2018-07-11T14:12:40","modified_gmt":"2018-07-11T19:12:40","slug":"completada-la-mision-de-rescate-de-los-ninos-atrapados-en-cueva-de-tailandia","status":"publish","type":"post","link":"https:\/\/radiowebmx.com\/nota\/completada-la-mision-de-rescate-de-los-ninos-atrapados-en-cueva-de-tailandia\/","title":{"rendered":"Completada la misi\u00f3n de rescate de los ni\u00f1os atrapados en cueva de Tailandia"},"content":{"rendered":"<div class=\"post-entry\">\n<p>Los equipos de rescate completaron hoy la evacuaci\u00f3n por fases de doce ni\u00f1os y su tutor, quienes quedaron atrapados a unos cuatro kil\u00f3metros de profundidad en la cueva Tham Luang, en el norte de Tailandia, el 23 de junio.<\/p>\n<p>Los \u00faltimos en salir han sido el entrenador y uno de los estudiantes, del grupo cinco que fueron evacuados esta jornada.<\/p>\n<p>El s\u00e1bado en que quedaron atrapados el grupo decidi\u00f3 visitar el interior de la caverna tras completar un entrenamiento de f\u00fatbol.<\/p>\n<p>Una s\u00fabita tormenta provoc\u00f3 la crecida de las aguas e inund\u00f3 parte de los t\u00faneles en el camino de salida, aislando al grupo en una cavidad.<\/p>\n<p>Una de las madres dio la voz de alarma al ver que su hijo no regresaba.<\/p>\n<p>Los guardabosques del parque nacional donde se encuentra la gruta hallaron las bicicletas de los ni\u00f1os, pero el primer intento de b\u00fasqueda qued\u00f3 abortado por la crecida de las aguas estancadas en el complejo subterr\u00e1neo.<\/p>\n<p>Las autoridades desplegaron un millar de militares para las tareas de rastreo de los desaparecidos, a los que se sumaron centenares de voluntarios internacionales, entre ellos un espa\u00f1ol.<\/p>\n<p>Los laber\u00ednticos pasadizos parcialmente inundados y fuertes desniveles dificultaron el rastreo de los atrapados.<\/p>\n<p>Nueve d\u00edas despu\u00e9s de iniciarse la b\u00fasqueda, dos buzos brit\u00e1nicos localizaron a los chavales en una isleta de terreno elevado a unos cuatro kil\u00f3metros en el interior de la cavidad.<\/p>\n<p>Las tareas de b\u00fasqueda se transformaron entonces en una misi\u00f3n de rescate repleta de retos.<\/p>\n<p>Las autoridades barajaron desde el principio dos opciones: sacar al grupo buceando por parte de los t\u00faneles subterr\u00e1neos o encontrar una hueco en la monta\u00f1a que sirviera de ruta de salida alternativa.<\/p>\n<p>Los escolares y el entrenador fueron asistidos desde el primer d\u00eda por miembros de los equipos de salvamento, quienes los alimentaron, curaron las heridas y mejoraron su estado de \u00e1nimo.<\/p>\n<p>Los ni\u00f1os, muchos de los cuales no sab\u00edan nadar, tomaron un curso acelerado sobre el manejo de los equipos de buceo.<\/p>\n<p>La dificultad de la operaci\u00f3n qued\u00f3 patente con la muerte el pasado jueves de un voluntario antiguo miembro de los grupos de \u00e9lite de la Marina local, al quedarse sin aire durante una misi\u00f3n subacu\u00e1tica.<\/p>\n<p>El domingo, seis d\u00edas despu\u00e9s de encontrar a los menores, las autoridades dieron inicio a la operaci\u00f3n de rescate a trav\u00e9s de las aguas que empantanan el complejo subterr\u00e1neo.<\/p>\n<p>Para la arriesgada misi\u00f3n, los buzos colocaron a los escolares una m\u00e1scara especial que cubre toda la cara y permite respirar de una manera m\u00e1s natural, as\u00ed como comunicarse con los rescatadores.<\/p>\n<p>El operativo discurri\u00f3 de manera gradual y en peque\u00f1os equipos formados por dos buzos y un chaval.<\/p>\n<p>Los cuatro primeros rescatados salieron al exterior ese mismo domingo y fueron trasladados al hospital provincial para evaluar su estado de salud.<\/p>\n<p>Las autoridades informaron de una pausa en los operativos de salvamento para reponer el material utilizado y proceder a la segunda misi\u00f3n el lunes.<\/p>\n<p>La segunda misi\u00f3n rescat\u00f3 a otros cuatro chavales, que salieron de la cueva por su propio p\u00ede y tambi\u00e9n fueron ingresado en el centro hospitalario que atiende a sus compa\u00f1eros.<\/p>\n<p>Una nueva interrupci\u00f3n por motivos t\u00e9cnicos precedi\u00f3 a la tercera y \u00faltima operaci\u00f3n de rescate, que concluy\u00f3 hoy con la salida de los cuatro ni\u00f1os y el adulto que continuaban en el interior de la monta\u00f1a.<\/p>\n<p>Las autoridades informaron que seguir\u00e1n con estos el mismo proceso sanitario que con los anteriores rescatados, por el que permanecer\u00e1n durante una semana hospitalizados.<\/p>\n<p>Las familias a\u00fan no han podido abrazar a sus seres queridos por motivos de precauci\u00f3n;, tras pasar m\u00e1s de dos semanas atrapados en la cueva, se encuentran con las defensas bajas, aunque fuera de peligro, y pueden contagiarles alguna enfermedad.<\/p>\n<p>El portavoz oficial de los operativos, Narongsak Ossottanakorn, declar\u00f3 que espera que este incidente sirva de ejemplo a los ni\u00f1os para que se conciencien sobre la importancia de la seguridad.<\/p>\n<div class=\"clear\"><\/div>\n<\/div>\n<div class=\"post-meta\"><\/div>\n","protected":false},"excerpt":{"rendered":"<p>Los equipos de rescate completaron hoy la evacuaci\u00f3n por fases de doce ni\u00f1os y su tutor, quienes quedaron atrapados a unos cuatro kil\u00f3metros de profundidad en la cueva Tham Luang, en el norte de Tailandia, el 23 de junio. Los \u00faltimos en salir han sido el entrenador y uno de los estudiantes, del grupo cinco [&hellip;]<\/p>\n","protected":false},"author":2,"featured_media":54974,"comment_status":"closed","ping_status":"closed","sticky":false,"template":"","format":"standard","meta":{"footnotes":""},"categories":[14],"tags":[],"class_list":["post-54973","post","type-post","status-publish","format-standard","has-post-thumbnail","hentry","category-destacadas"],"_links":{"self":[{"href":"https:\/\/radiowebmx.com\/nota\/wp-json\/wp\/v2\/posts\/54973","targetHints":{"allow":["GET"]}}],"collection":[{"href":"https:\/\/radiowebmx.com\/nota\/wp-json\/wp\/v2\/posts"}],"about":[{"href":"https:\/\/radiowebmx.com\/nota\/wp-json\/wp\/v2\/types\/post"}],"author":[{"embeddable":true,"href":"https:\/\/radiowebmx.com\/nota\/wp-json\/wp\/v2\/users\/2"}],"replies":[{"embeddable":true,"href":"https:\/\/radiowebmx.com\/nota\/wp-json\/wp\/v2\/comments?post=54973"}],"version-history":[{"count":1,"href":"https:\/\/radiowebmx.com\/nota\/wp-json\/wp\/v2\/posts\/54973\/revisions"}],"predecessor-version":[{"id":54975,"href":"https:\/\/radiowebmx.com\/nota\/wp-json\/wp\/v2\/posts\/54973\/revisions\/54975"}],"wp:featuredmedia":[{"embeddable":true,"href":"https:\/\/radiowebmx.com\/nota\/wp-json\/wp\/v2\/media\/54974"}],"wp:attachment":[{"href":"https:\/\/radiowebmx.com\/nota\/wp-json\/wp\/v2\/media?parent=54973"}],"wp:term":[{"taxonomy":"category","embeddable":true,"href":"https:\/\/radiowebmx.com\/nota\/wp-json\/wp\/v2\/categories?post=54973"},{"taxonomy":"post_tag","embeddable":true,"href":"https:\/\/radiowebmx.com\/nota\/wp-json\/wp\/v2\/tags?post=54973"}],"curies":[{"name":"wp","href":"https:\/\/api.w.org\/{rel}","templated":true}]}}