{"id":54969,"date":"2018-07-11T13:29:44","date_gmt":"2018-07-11T18:29:44","guid":{"rendered":"https:\/\/radiowebmx.com\/nota\/?p=54969"},"modified":"2018-07-11T13:54:58","modified_gmt":"2018-07-11T18:54:58","slug":"zoologico-de-morelia-se-suma-al-rescate-de-los-manatis","status":"publish","type":"post","link":"https:\/\/radiowebmx.com\/nota\/zoologico-de-morelia-se-suma-al-rescate-de-los-manatis\/","title":{"rendered":"Zool\u00f3gico de Morelia se suma al rescate de los manat\u00eds"},"content":{"rendered":"<p><img loading=\"lazy\" decoding=\"async\" class=\"\" src=\"https:\/\/www.mimorelia.com\/wp-content\/uploads\/2018\/07\/noticias\/11\/manati.jpg\" alt=\"manat\u00c3\u00ad\" width=\"399\" height=\"224\" \/><\/p>\n<p>&nbsp;<\/p>\n<p>Morelia, Michoac\u00e1n.- En cumplimiento a su vocaci\u00f3n de coadyuvar en preservar la riqueza faun\u00edstica de nuestro entorno, el Parque Zool\u00f3gico \u201cBenito Ju\u00e1rez\u201d, se sum\u00f3 a las labores de investigaci\u00f3n y rescate de los Manat\u00eds, especie que se encuentra en peligro de extinci\u00f3n.<\/p>\n<p>Lo anterior, debido a que durante los \u00faltimos dos meses, se han reportado casos de ejemplares con deficiencia en su condici\u00f3n f\u00edsica y la muerte masiva de estos mam\u00edferos marinos en la regi\u00f3n de Tabasco. La tarde de ayer, el director del recinto faun\u00edstico, Josu\u00e9 Rangel D\u00edaz, se traslad\u00f3 a la ciudad de Macuspana, Tabasco, acompa\u00f1ado de un grupo de especialistas y miembros de la Asociaci\u00f3n de Zool\u00f3gicos, Criaderos y Acuarios de M\u00e9xico (AZCARM), para brindar los primeros auxilios a los mam\u00edferos que se encuentran con problemas de salud.<\/p>\n<p>La Procuradur\u00eda Federal de Protecci\u00f3n al Ambiente (PROFEPA) y la Comisi\u00f3n Nacional de \u00c1reas Protegidas (CONANP) forman parte de las brigadas que se conformaron para examinar a los ejemplares, extraer muestras sangu\u00edneas y analizarlas en laboratorios. Derivado de lo anterior, reportaron que los ejemplares cuentan con la presencia de la bacteria Brucella, un g\u00e9nero de bacterias negativas, pero se sigue descartando que dicho microorganismo sea la causa de muerte de algunos de los ejemplares.<\/p>\n<p>En coordinaci\u00f3n con las asociaciones y autoridades federales, se determin\u00f3 brindar las facilidades y recursos a los brigadistas y voluntarios de la Universidad Aut\u00f3noma Ju\u00e1rez de Tabasco, para continuar el monitoreo y cuidado de los Manat\u00eds durante las pr\u00f3ximas semanas, con la finalidad de poner a salvo a la especie.<\/p>\n<p>&nbsp;<\/p>\n<p>&nbsp;<\/p>\n<p>&nbsp;<\/p>\n","protected":false},"excerpt":{"rendered":"<p>&nbsp; Morelia, Michoac\u00e1n.- En cumplimiento a su vocaci\u00f3n de coadyuvar en preservar la riqueza faun\u00edstica de nuestro entorno, el Parque Zool\u00f3gico \u201cBenito Ju\u00e1rez\u201d, se sum\u00f3 a las labores de investigaci\u00f3n y rescate de los Manat\u00eds, especie que se encuentra en peligro de extinci\u00f3n. Lo anterior, debido a que durante los \u00faltimos dos meses, se han [&hellip;]<\/p>\n","protected":false},"author":2,"featured_media":54971,"comment_status":"closed","ping_status":"closed","sticky":false,"template":"","format":"standard","meta":{"footnotes":""},"categories":[14],"tags":[],"class_list":["post-54969","post","type-post","status-publish","format-standard","has-post-thumbnail","hentry","category-destacadas"],"_links":{"self":[{"href":"https:\/\/radiowebmx.com\/nota\/wp-json\/wp\/v2\/posts\/54969","targetHints":{"allow":["GET"]}}],"collection":[{"href":"https:\/\/radiowebmx.com\/nota\/wp-json\/wp\/v2\/posts"}],"about":[{"href":"https:\/\/radiowebmx.com\/nota\/wp-json\/wp\/v2\/types\/post"}],"author":[{"embeddable":true,"href":"https:\/\/radiowebmx.com\/nota\/wp-json\/wp\/v2\/users\/2"}],"replies":[{"embeddable":true,"href":"https:\/\/radiowebmx.com\/nota\/wp-json\/wp\/v2\/comments?post=54969"}],"version-history":[{"count":2,"href":"https:\/\/radiowebmx.com\/nota\/wp-json\/wp\/v2\/posts\/54969\/revisions"}],"predecessor-version":[{"id":54972,"href":"https:\/\/radiowebmx.com\/nota\/wp-json\/wp\/v2\/posts\/54969\/revisions\/54972"}],"wp:featuredmedia":[{"embeddable":true,"href":"https:\/\/radiowebmx.com\/nota\/wp-json\/wp\/v2\/media\/54971"}],"wp:attachment":[{"href":"https:\/\/radiowebmx.com\/nota\/wp-json\/wp\/v2\/media?parent=54969"}],"wp:term":[{"taxonomy":"category","embeddable":true,"href":"https:\/\/radiowebmx.com\/nota\/wp-json\/wp\/v2\/categories?post=54969"},{"taxonomy":"post_tag","embeddable":true,"href":"https:\/\/radiowebmx.com\/nota\/wp-json\/wp\/v2\/tags?post=54969"}],"curies":[{"name":"wp","href":"https:\/\/api.w.org\/{rel}","templated":true}]}}