{"id":54955,"date":"2018-07-10T21:21:12","date_gmt":"2018-07-11T02:21:12","guid":{"rendered":"https:\/\/radiowebmx.com\/nota\/?p=54955"},"modified":"2018-07-11T11:31:36","modified_gmt":"2018-07-11T16:31:36","slug":"paridad-de-genero-una-realidad-que-se-cristaliza-en-michoacan-nalleli-pedraza","status":"publish","type":"post","link":"https:\/\/radiowebmx.com\/nota\/paridad-de-genero-una-realidad-que-se-cristaliza-en-michoacan-nalleli-pedraza\/","title":{"rendered":"Paridad de g\u00e9nero una realidad que se cristaliza en Michoac\u00e1n: Nalleli Pedraza"},"content":{"rendered":"<p class=\"x_MsoNormal\"><b>Morelia; Michoac\u00e1n, 10 de julio de 2018<\/b>.-\u00a0La paridad de g\u00e9nero es una realidad en Michoac\u00e1n y se ha logrado que en los pr\u00f3ximos gobiernos municipales est\u00e9 garantizada la participaci\u00f3n de la mujer, afirm\u00f3 la diputada local Nalleli Pedraza Huerta.<\/p>\n<p class=\"x_MsoNormal\">Celebr\u00f3 que de 4 alcald\u00edas, en Michoac\u00e1n ahora se tenga 24 presidentes municipales mujeres electas, aunado al incremento de espacios que ocupar\u00e1n tambi\u00e9n en las regidur\u00edas y sindicaturas, lo cual es un avance importante.<\/p>\n<p class=\"x_MsoNormal\">Ahora recalc\u00f3 que el reto es garantizar que tambi\u00e9n en la integraci\u00f3n de la plantilla laboral de las pr\u00f3ximas administraciones se establezca el criterio de la paridad y se brinde las mismas oportunidades tanto a los hombres como a las mujeres.<\/p>\n<p class=\"x_MsoNormal\">Resalt\u00f3 que en Michoac\u00e1n se han realizado esfuerzos importantes en la materia, mismos que se han impulsados desde el Congreso del Estado con el objetivo de garantizar los derechos pol\u00edticos de la mujer y claro ejemplo fue la consolidaci\u00f3n de la paridad vertical y horizontal en las candidaturas de los partidos pol\u00edticos, lo que hoy ha permitido que sean m\u00e1s las mujeres que estar\u00e1n al frente de las alcald\u00edas.<\/p>\n<p class=\"x_MsoNormal\">El reto ahora, mencion\u00f3 es que los distintos niveles de gobierno y poderes,\u00a0implementen acciones de equidad y brinden las mismas oportunidades tanto a mujeres como a hombres, para que las estructuras de las administraciones est\u00e9n pensadas y establecidas con el mismo criterio y se garantice la equidad en su conformaci\u00f3n.<\/p>\n<p class=\"x_MsoNormal\">En ese sentido, refrend\u00f3 su compromiso de seguir impulsando acciones que contribuyan a garantizar la equidad y el crecimiento de las mujeres. \u201cDesde la trinchera en la que me encuentre siempre pugnar\u00e9 porque se garantice la equidad e igualdad\u201d.<\/p>\n<p class=\"x_MsoNormal\">Asimismo record\u00f3 que con las reformas aprobadas a las leyes Org\u00e1nicas de la Administraci\u00f3n P\u00fablica, Municipal y de Procedimientos del Congreso del Estado que ella misma impulso,\u00a0\u00a0se contin\u00faa consolidando acciones para construir una sociedad igualitaria y con justicia, ya que por ley se establece el principio de equidad de g\u00e9nero en el desempe\u00f1o del ejercicio p\u00fablico.<\/p>\n<p class=\"x_MsoNormal\">En ese contexto, enfatiz\u00f3 que los ayuntamientos en sus estructuras tendr\u00e1n que integrar a las\u00a0mujeres, en la misma proporci\u00f3n que a los hombres, por lo que se tendr\u00e1 que garantizar la igualdad sustantiva y equidad.<\/p>\n","protected":false},"excerpt":{"rendered":"<p>Morelia; Michoac\u00e1n, 10 de julio de 2018.-\u00a0La paridad de g\u00e9nero es una realidad en Michoac\u00e1n y se ha logrado que en los pr\u00f3ximos gobiernos municipales est\u00e9 garantizada la participaci\u00f3n de la mujer, afirm\u00f3 la diputada local Nalleli Pedraza Huerta. Celebr\u00f3 que de 4 alcald\u00edas, en Michoac\u00e1n ahora se tenga 24 presidentes municipales mujeres electas, aunado [&hellip;]<\/p>\n","protected":false},"author":2,"featured_media":54956,"comment_status":"closed","ping_status":"closed","sticky":false,"template":"","format":"standard","meta":{"footnotes":""},"categories":[6,14],"tags":[],"class_list":["post-54955","post","type-post","status-publish","format-standard","has-post-thumbnail","hentry","category-congreso-del-estado","category-destacadas"],"_links":{"self":[{"href":"https:\/\/radiowebmx.com\/nota\/wp-json\/wp\/v2\/posts\/54955","targetHints":{"allow":["GET"]}}],"collection":[{"href":"https:\/\/radiowebmx.com\/nota\/wp-json\/wp\/v2\/posts"}],"about":[{"href":"https:\/\/radiowebmx.com\/nota\/wp-json\/wp\/v2\/types\/post"}],"author":[{"embeddable":true,"href":"https:\/\/radiowebmx.com\/nota\/wp-json\/wp\/v2\/users\/2"}],"replies":[{"embeddable":true,"href":"https:\/\/radiowebmx.com\/nota\/wp-json\/wp\/v2\/comments?post=54955"}],"version-history":[{"count":1,"href":"https:\/\/radiowebmx.com\/nota\/wp-json\/wp\/v2\/posts\/54955\/revisions"}],"predecessor-version":[{"id":54957,"href":"https:\/\/radiowebmx.com\/nota\/wp-json\/wp\/v2\/posts\/54955\/revisions\/54957"}],"wp:featuredmedia":[{"embeddable":true,"href":"https:\/\/radiowebmx.com\/nota\/wp-json\/wp\/v2\/media\/54956"}],"wp:attachment":[{"href":"https:\/\/radiowebmx.com\/nota\/wp-json\/wp\/v2\/media?parent=54955"}],"wp:term":[{"taxonomy":"category","embeddable":true,"href":"https:\/\/radiowebmx.com\/nota\/wp-json\/wp\/v2\/categories?post=54955"},{"taxonomy":"post_tag","embeddable":true,"href":"https:\/\/radiowebmx.com\/nota\/wp-json\/wp\/v2\/tags?post=54955"}],"curies":[{"name":"wp","href":"https:\/\/api.w.org\/{rel}","templated":true}]}}