{"id":54946,"date":"2018-07-10T15:44:44","date_gmt":"2018-07-10T20:44:44","guid":{"rendered":"https:\/\/radiowebmx.com\/nota\/?p=54946"},"modified":"2018-07-11T11:11:45","modified_gmt":"2018-07-11T16:11:45","slug":"fiscal-sera-por-nueve-anos-previa-reforma-constitucional","status":"publish","type":"post","link":"https:\/\/radiowebmx.com\/nota\/fiscal-sera-por-nueve-anos-previa-reforma-constitucional\/","title":{"rendered":"Fiscal ser\u00e1 por nueve a\u00f1os; previa reforma constitucional"},"content":{"rendered":"<p><img loading=\"lazy\" decoding=\"async\" class=\"\" src=\"https:\/\/attachment.outlook.live.net\/owa\/ultrapolitica@hotmail.com\/service.svc\/s\/GetAttachmentThumbnail?id=AQMkADAwATYwMAItODMyNi00ODU0LTAwAi0wMAoARgAAA5HawHgQuq9DrqMPu%2BRLC5sHANRV7lYdW%2FpNtd2j%2BEW2swoAAAIBDAAAANRV7lYdW%2FpNtd2j%2BEW2swoAAoZX7HoAAAABEgAQAOk8Jv0BM9NHjAdsBZDZjHo%3D&amp;thumbnailType=2&amp;X-OWA-CANARY=1oOEKdptZU-dq6FHJtSGC-AtwOlI59UYmOvJv01qc60nk-gc7fY-Jmo4kbV5SzdkMRf_RQVHNwk.&amp;token=eyJhbGciOiJSUzI1NiIsImtpZCI6IjA2MDBGOUY2NzQ2MjA3MzdFNzM0MDRFMjg3QzQ1QTgxOENCN0NFQjgiLCJ4NXQiOiJCZ0Q1OW5SaUJ6Zm5OQVRpaDhSYWdZeTN6cmciLCJ0eXAiOiJKV1QifQ.eyJ2ZXIiOiJFeGNoYW5nZS5DYWxsYmFjay5WMSIsImFwcGN0eHNlbmRlciI6Ik93YURvd25sb2FkQDg0ZGY5ZTdmLWU5ZjYtNDBhZi1iNDM1LWFhYWFhYWFhYWFhYSIsImFwcGN0eCI6IntcIm1zZXhjaHByb3RcIjpcIm93YVwiLFwicHJpbWFyeXNpZFwiOlwiUy0xLTI4MjctMzkzMjE2LTIyMDAzMjQxODBcIixcInB1aWRcIjpcIjE2ODg4NTIwNjA1ODgxMTZcIixcIm9pZFwiOlwiMDAwNjAwMDAtODMyNi00ODU0LTAwMDAtMDAwMDAwMDAwMDAwXCIsXCJzY29wZVwiOlwiT3dhRG93bmxvYWRcIn0iLCJuYmYiOjE1MzEzMjUyNTcsImV4cCI6MTUzMTMyNTg1NywiaXNzIjoiMDAwMDAwMDItMDAwMC0wZmYxLWNlMDAtMDAwMDAwMDAwMDAwQDg0ZGY5ZTdmLWU5ZjYtNDBhZi1iNDM1LWFhYWFhYWFhYWFhYSIsImF1ZCI6IjAwMDAwMDAyLTAwMDAtMGZmMS1jZTAwLTAwMDAwMDAwMDAwMC9hdHRhY2htZW50Lm91dGxvb2subGl2ZS5uZXRAODRkZjllN2YtZTlmNi00MGFmLWI0MzUtYWFhYWFhYWFhYWFhIn0.KxmVQn91JDtmsTENhoS4YfFYeQzRdZ3LjQ6P-GhXzI38rnsfCpALr_YS8Wkifsgwj3oSXb2tWRO7xUH8F6x7HNc37Pk3yk-kpWPxsMGWbkoNFOCQEPrz_cECrvDTgeIR1vmFS-5AEqpwkzms_lR-Cz1P1L9VMk-NhPK8MyWBBZju_x5PwsAO7_DTL5YzlmbWg4w58t_OzGrW7ejOAG6EN0Z1ncLfPCop2cjx6IF9ViUIoYrMMATKuc-3EiVdvhpHourUU5Vv1b-0bzXaw6xbDryG7PKebIIcBFjOyxOhcJ1SOUEZ19yw5b7soVU6qqcOV4I-sQbTN9x7ONioET-szw&amp;owa=outlook.live.com&amp;isc=1\" width=\"399\" height=\"266\" \/><\/p>\n<p>&nbsp;<\/p>\n<p class=\"x_MsoNormal\"><b>Morelia; Michoac\u00e1n, 10 de julio de 2018<\/b>.- En reuni\u00f3n de trabajo, las comisiones unidas de Puntos Constitucionales y de Justicia, aprobaron el dictamen por el que se reforman diversas disposiciones de los art\u00edculos 40, 50, 60, 76, 99, 100, 101, 102 y 154 de la Constituci\u00f3n Pol\u00edtica del Estado, en el que se establece el procedimiento para la designaci\u00f3n del Fiscal General del Estado.<\/p>\n<p class=\"x_MsoNormal\">El dictamen aprobado por los diputados Rosa Mar\u00eda de la Torre, Manuel L\u00f3pez, Jeovana Alc\u00e1ntar, D\u00f3novan Rend\u00f3n, \u00c1ngel Cedillo, Ernesto N\u00fa\u00f1ez, X\u00f3chitl Ru\u00edz y Jes\u00fas Remigio Garc\u00eda, integrantes de las comisiones unidas, modifica la denominaci\u00f3n de la Procuradur\u00eda General de Justicia del Estado por el de Fiscal\u00eda General del Estado, en t\u00e9rminos de la homologaci\u00f3n que se hace respecto de la Constituci\u00f3n Federal en cuanto al \u00e1mbito local.<\/p>\n<p class=\"x_MsoNormal\">En ese sentido, prev\u00e9 la instauraci\u00f3n de una Fiscal\u00eda General del Estado, constituida como un \u00f3rgano aut\u00f3nomo, con personalidad jur\u00eddica, patrimonio propio, autonom\u00eda financiera, presupuestaria t\u00e9cnica y de gesti\u00f3n.<\/p>\n<p class=\"x_MsoNormal\">Asimismo, establece el procedimiento para la designaci\u00f3n del Fiscal General del Estado, cuyo cargo durar\u00e1 9 a\u00f1os, sin la posibilidad de ser reelecto; asimismo, ser\u00e1 designado y removido conforme a lo establecido en la norma constitucional, y ser\u00e1 sujeto de responsabilidad pol\u00edtica, penal o administrativa en los t\u00e9rminos de la legislaci\u00f3n aplicable.<\/p>\n<p class=\"x_MsoNormal\">Para la elecci\u00f3n del Fiscal se General, el Congreso del Estado emitir\u00e1 convocatoria p\u00fablica, 90 antes del t\u00e9rmino del encargo. De entre los concurrentes a esa convocatoria que cumplan todos los requisitos elegir\u00e1 10 propuestos en una lista que enviar\u00e1 al Ejecutivo del Estado<\/p>\n<p class=\"x_MsoNormal\">De esta manera, el Ejecutivo del Estado contar\u00e1 con 10 d\u00edas a partir de la recepci\u00f3n de las propuestas, para formar una terna, misma que remitir\u00e1 al Congreso del Estado.<\/p>\n<p class=\"x_MsoNormal\">Una vez conformada la terna, el Congreso del Estado deber\u00e1 de entre la propuesta, elegir a quien ser\u00e1 Fiscal General del Estado, por el voto de las dos terceras partes de sus integrantes.<\/p>\n<p class=\"x_MsoNormal\">El congreso del Estado contar\u00e1 con un plazo de 180 d\u00edas para expedir la Ley Org\u00e1nica de la Fiscal\u00eda General del Estado de Michoac\u00e1n.<\/p>\n<p class=\"x_MsoNormal\">El dictamen ser\u00e1 turnado al Pleno, para su discusi\u00f3n y probable aprobaci\u00f3n.<\/p>\n","protected":false},"excerpt":{"rendered":"<p>&nbsp; Morelia; Michoac\u00e1n, 10 de julio de 2018.- En reuni\u00f3n de trabajo, las comisiones unidas de Puntos Constitucionales y de Justicia, aprobaron el dictamen por el que se reforman diversas disposiciones de los art\u00edculos 40, 50, 60, 76, 99, 100, 101, 102 y 154 de la Constituci\u00f3n Pol\u00edtica del Estado, en el que se establece [&hellip;]<\/p>\n","protected":false},"author":2,"featured_media":54947,"comment_status":"closed","ping_status":"closed","sticky":false,"template":"","format":"standard","meta":{"footnotes":""},"categories":[6,14],"tags":[],"class_list":["post-54946","post","type-post","status-publish","format-standard","has-post-thumbnail","hentry","category-congreso-del-estado","category-destacadas"],"_links":{"self":[{"href":"https:\/\/radiowebmx.com\/nota\/wp-json\/wp\/v2\/posts\/54946","targetHints":{"allow":["GET"]}}],"collection":[{"href":"https:\/\/radiowebmx.com\/nota\/wp-json\/wp\/v2\/posts"}],"about":[{"href":"https:\/\/radiowebmx.com\/nota\/wp-json\/wp\/v2\/types\/post"}],"author":[{"embeddable":true,"href":"https:\/\/radiowebmx.com\/nota\/wp-json\/wp\/v2\/users\/2"}],"replies":[{"embeddable":true,"href":"https:\/\/radiowebmx.com\/nota\/wp-json\/wp\/v2\/comments?post=54946"}],"version-history":[{"count":1,"href":"https:\/\/radiowebmx.com\/nota\/wp-json\/wp\/v2\/posts\/54946\/revisions"}],"predecessor-version":[{"id":54948,"href":"https:\/\/radiowebmx.com\/nota\/wp-json\/wp\/v2\/posts\/54946\/revisions\/54948"}],"wp:featuredmedia":[{"embeddable":true,"href":"https:\/\/radiowebmx.com\/nota\/wp-json\/wp\/v2\/media\/54947"}],"wp:attachment":[{"href":"https:\/\/radiowebmx.com\/nota\/wp-json\/wp\/v2\/media?parent=54946"}],"wp:term":[{"taxonomy":"category","embeddable":true,"href":"https:\/\/radiowebmx.com\/nota\/wp-json\/wp\/v2\/categories?post=54946"},{"taxonomy":"post_tag","embeddable":true,"href":"https:\/\/radiowebmx.com\/nota\/wp-json\/wp\/v2\/tags?post=54946"}],"curies":[{"name":"wp","href":"https:\/\/api.w.org\/{rel}","templated":true}]}}