{"id":54943,"date":"2018-07-11T09:49:07","date_gmt":"2018-07-11T14:49:07","guid":{"rendered":"https:\/\/radiowebmx.com\/nota\/?p=54943"},"modified":"2018-07-11T11:10:06","modified_gmt":"2018-07-11T16:10:06","slug":"empaquetado-de-utiles-escolares-bajo-la-norma-y-politica-de-austeridad-see","status":"publish","type":"post","link":"https:\/\/radiowebmx.com\/nota\/empaquetado-de-utiles-escolares-bajo-la-norma-y-politica-de-austeridad-see\/","title":{"rendered":"Empaquetado de \u00fatiles escolares, bajo la norma y pol\u00edtica de austeridad: SEE"},"content":{"rendered":"<p><strong>\u2022 El costo del empaque de los \u00fatiles escolares fue de 5 pesos con 50 centavos, para el ciclo escolar 2017-2018.<\/strong><\/p>\n<p><strong>Morelia, Michoac\u00e1n; a 10 de julio de 2018.-<\/strong>\u00a0La Secretar\u00eda de Educaci\u00f3n en el Estado (SEE), informa que la proyecci\u00f3n del gasto de las cajas donde se entregar\u00e1n los pr\u00f3ximos \u00fatiles escolares gratuitos, se lleva a cabo dentro de la norma y atendiendo la pol\u00edtica de austeridad de la dependencia.<\/p>\n<p>Para el ciclo escolar 2017-2018, que acaba de concluir, el empaque en caja de cart\u00f3n que contiene los \u00fatiles escolares tuvo un costo unitario de 5.50 pesos (cinco pesos con cincuenta centavos).<\/p>\n<p>Es importante destacar que para el ciclo escolar que comenzar\u00e1 el pr\u00f3ximo 20 de agosto a\u00fan no se lleva a cabo la licitaci\u00f3n de estos insumos, la cual se realizar\u00e1 de manera p\u00fablica y abierta mediante las normas y procesos que marca el Comit\u00e9 de Adquisiciones del Poder Ejecutivo (CADPE) del Gobierno del Estado de Michoac\u00e1n.<\/p>\n<p>La Secretar\u00eda de Educaci\u00f3n, refrenda su compromiso de continuar trabajando para mejorar la calidad de la educaci\u00f3n en Michoac\u00e1n, as\u00ed como a seguir impulsando los programas y acciones de apoyo a la econom\u00eda de las madres y padres de las ni\u00f1as, ni\u00f1os y j\u00f3venes que asisten a las escuelas p\u00fablicas de educaci\u00f3n b\u00e1sica en la entidad.<\/p>\n","protected":false},"excerpt":{"rendered":"<p>\u2022 El costo del empaque de los \u00fatiles escolares fue de 5 pesos con 50 centavos, para el ciclo escolar 2017-2018. Morelia, Michoac\u00e1n; a 10 de julio de 2018.-\u00a0La Secretar\u00eda de Educaci\u00f3n en el Estado (SEE), informa que la proyecci\u00f3n del gasto de las cajas donde se entregar\u00e1n los pr\u00f3ximos \u00fatiles escolares gratuitos, se lleva [&hellip;]<\/p>\n","protected":false},"author":2,"featured_media":54944,"comment_status":"closed","ping_status":"closed","sticky":false,"template":"","format":"standard","meta":{"footnotes":""},"categories":[14,3,60],"tags":[],"class_list":["post-54943","post","type-post","status-publish","format-standard","has-post-thumbnail","hentry","category-destacadas","category-gobierno-del-estado-de-michoacan","category-michoacan"],"_links":{"self":[{"href":"https:\/\/radiowebmx.com\/nota\/wp-json\/wp\/v2\/posts\/54943","targetHints":{"allow":["GET"]}}],"collection":[{"href":"https:\/\/radiowebmx.com\/nota\/wp-json\/wp\/v2\/posts"}],"about":[{"href":"https:\/\/radiowebmx.com\/nota\/wp-json\/wp\/v2\/types\/post"}],"author":[{"embeddable":true,"href":"https:\/\/radiowebmx.com\/nota\/wp-json\/wp\/v2\/users\/2"}],"replies":[{"embeddable":true,"href":"https:\/\/radiowebmx.com\/nota\/wp-json\/wp\/v2\/comments?post=54943"}],"version-history":[{"count":1,"href":"https:\/\/radiowebmx.com\/nota\/wp-json\/wp\/v2\/posts\/54943\/revisions"}],"predecessor-version":[{"id":54945,"href":"https:\/\/radiowebmx.com\/nota\/wp-json\/wp\/v2\/posts\/54943\/revisions\/54945"}],"wp:featuredmedia":[{"embeddable":true,"href":"https:\/\/radiowebmx.com\/nota\/wp-json\/wp\/v2\/media\/54944"}],"wp:attachment":[{"href":"https:\/\/radiowebmx.com\/nota\/wp-json\/wp\/v2\/media?parent=54943"}],"wp:term":[{"taxonomy":"category","embeddable":true,"href":"https:\/\/radiowebmx.com\/nota\/wp-json\/wp\/v2\/categories?post=54943"},{"taxonomy":"post_tag","embeddable":true,"href":"https:\/\/radiowebmx.com\/nota\/wp-json\/wp\/v2\/tags?post=54943"}],"curies":[{"name":"wp","href":"https:\/\/api.w.org\/{rel}","templated":true}]}}