{"id":54937,"date":"2018-07-10T16:49:09","date_gmt":"2018-07-10T21:49:09","guid":{"rendered":"https:\/\/radiowebmx.com\/nota\/?p=54937"},"modified":"2018-07-11T10:55:38","modified_gmt":"2018-07-11T15:55:38","slug":"nuestro-gobierno-sera-aliado-del-trabajo-social-de-la-iglesia-catolica-raul-moron","status":"publish","type":"post","link":"https:\/\/radiowebmx.com\/nota\/nuestro-gobierno-sera-aliado-del-trabajo-social-de-la-iglesia-catolica-raul-moron\/","title":{"rendered":"Nuestro gobierno ser\u00e1 aliado del trabajo social de la Iglesia Cat\u00f3lica: Ra\u00fal Mor\u00f3n"},"content":{"rendered":"<p>Morelia, Michoac\u00e1n.- La ma\u00f1ana de este martes el presidente municipal electo de Morelia, Ra\u00fal Mor\u00f3n Orozco, y el Arzobispo de Morelia, Carlos Garfias Merlos, sostuvieron un encuentro de mutuo respeto donde compartieron opiniones sobre algunos aspectos que preocupan a la sociedad moreliana.<\/p>\n<p>A partir de las exitosas experiencias que ha tenido el Arzobispo de Morelia en otras regiones del pa\u00eds en la reconstrucci\u00f3n del tejido social en comunidades afectadas por los fen\u00f3menos de la inseguridad y la violencia, acordaron trabajar de manera conjunta y con estrecha coordinaci\u00f3n en la capital del estado para ir recuperando la seguridad desde las colonias, comunidades y tenencias.<\/p>\n<p>Para ello el Arzobispo explic\u00f3 que proyectan como iglesia la realizaci\u00f3n de Pastorales Sociales en colonias marginales con actividades que puede llegar a tener un impacto para la disminuci\u00f3n de la inseguridad. Mor\u00f3n Orozco estableci\u00f3 que con la Iglesia Cat\u00f3lica, como con el resto de los credos religiosos, habr\u00e1 una relaci\u00f3n fluida y coordinada en beneficio de los morelianos.<\/p>\n<p>\u201cEl futuro Ayuntamiento ser\u00e1 un aliado del trabajo social que encabeza el arzobispo en diversas colonias, a trav\u00e9s del proyecto en las colonias\u201d, adelant\u00f3 el presidente municipal electo.<\/p>\n<p>El encuentro se desarroll\u00f3 en un marco de respeto, de forma cordial y comprometieron un pr\u00f3ximo encuentro.<\/p>\n","protected":false},"excerpt":{"rendered":"<p>Morelia, Michoac\u00e1n.- La ma\u00f1ana de este martes el presidente municipal electo de Morelia, Ra\u00fal Mor\u00f3n Orozco, y el Arzobispo de Morelia, Carlos Garfias Merlos, sostuvieron un encuentro de mutuo respeto donde compartieron opiniones sobre algunos aspectos que preocupan a la sociedad moreliana. A partir de las exitosas experiencias que ha tenido el Arzobispo de Morelia [&hellip;]<\/p>\n","protected":false},"author":2,"featured_media":54938,"comment_status":"closed","ping_status":"closed","sticky":false,"template":"","format":"standard","meta":{"footnotes":""},"categories":[14],"tags":[],"class_list":["post-54937","post","type-post","status-publish","format-standard","has-post-thumbnail","hentry","category-destacadas"],"_links":{"self":[{"href":"https:\/\/radiowebmx.com\/nota\/wp-json\/wp\/v2\/posts\/54937","targetHints":{"allow":["GET"]}}],"collection":[{"href":"https:\/\/radiowebmx.com\/nota\/wp-json\/wp\/v2\/posts"}],"about":[{"href":"https:\/\/radiowebmx.com\/nota\/wp-json\/wp\/v2\/types\/post"}],"author":[{"embeddable":true,"href":"https:\/\/radiowebmx.com\/nota\/wp-json\/wp\/v2\/users\/2"}],"replies":[{"embeddable":true,"href":"https:\/\/radiowebmx.com\/nota\/wp-json\/wp\/v2\/comments?post=54937"}],"version-history":[{"count":1,"href":"https:\/\/radiowebmx.com\/nota\/wp-json\/wp\/v2\/posts\/54937\/revisions"}],"predecessor-version":[{"id":54939,"href":"https:\/\/radiowebmx.com\/nota\/wp-json\/wp\/v2\/posts\/54937\/revisions\/54939"}],"wp:featuredmedia":[{"embeddable":true,"href":"https:\/\/radiowebmx.com\/nota\/wp-json\/wp\/v2\/media\/54938"}],"wp:attachment":[{"href":"https:\/\/radiowebmx.com\/nota\/wp-json\/wp\/v2\/media?parent=54937"}],"wp:term":[{"taxonomy":"category","embeddable":true,"href":"https:\/\/radiowebmx.com\/nota\/wp-json\/wp\/v2\/categories?post=54937"},{"taxonomy":"post_tag","embeddable":true,"href":"https:\/\/radiowebmx.com\/nota\/wp-json\/wp\/v2\/tags?post=54937"}],"curies":[{"name":"wp","href":"https:\/\/api.w.org\/{rel}","templated":true}]}}