{"id":54934,"date":"2018-07-11T10:11:49","date_gmt":"2018-07-11T15:11:49","guid":{"rendered":"https:\/\/radiowebmx.com\/nota\/?p=54934"},"modified":"2018-07-11T10:52:15","modified_gmt":"2018-07-11T15:52:15","slug":"morena-primera-fuerza-politica-en-el-estado-cristobal-arias","status":"publish","type":"post","link":"https:\/\/radiowebmx.com\/nota\/morena-primera-fuerza-politica-en-el-estado-cristobal-arias\/","title":{"rendered":"Morena; primera fuerza pol\u00edtica en el estado: Crist\u00f3bal Arias"},"content":{"rendered":"<p><strong>Morelia, Michoac\u00e1n.-<\/strong> A tan solo cuatro a\u00f1os de su fundaci\u00f3n, el Partido de Movimiento de Regeneraci\u00f3n Nacional (Morena) se ha convertido en la primera fuerza pol\u00edtica en el estado, y primera fuerza en el escenario nacional. Gracias a la confianza de la ciudadan\u00eda que entendi\u00f3 el llamado de Andr\u00e9s Manuel L\u00f3pez Obrador, presidente electo de los Mexicanos a hacer el cambio verdadero y a iniciar la Cuarta Trasformaci\u00f3n del pa\u00eds, manifest\u00f3 Crist\u00f3bal Arias Sol\u00eds, senador electo por Michoac\u00e1n.<\/p>\n<p>Abund\u00f3, que pese a una Elecci\u00f3n de Estado, con operaci\u00f3n de la infraestructura de este con recursos humanos y materiales, un bombardeo medi\u00e1tico y de propaganda sin decoro, una guerra sucia que se transform\u00f3 en negra, pero que gracias al trabajo de todos los candidatos de la Coalici\u00f3n \u201cJuntos haremos Historia \u201c, se ha convertido en la mayor fuerza pol\u00edtica electoral de Michoac\u00e1n, tras la contundente victoria alcanzada por la voluntad de los Michoacanos libres, expresada en el pasado proceso electoral del primero de Julio, subray\u00f3 el abanderado de la Coalici\u00f3n, Crist\u00f3bal Arias, al sostener su primer rueda de prensa ya como Senador electo con los representantes de los diversos medios de comunicaci\u00f3n estatales y nacionales.<\/p>\n","protected":false},"excerpt":{"rendered":"<p>Morelia, Michoac\u00e1n.- A tan solo cuatro a\u00f1os de su fundaci\u00f3n, el Partido de Movimiento de Regeneraci\u00f3n Nacional (Morena) se ha convertido en la primera fuerza pol\u00edtica en el estado, y primera fuerza en el escenario nacional. Gracias a la confianza de la ciudadan\u00eda que entendi\u00f3 el llamado de Andr\u00e9s Manuel L\u00f3pez Obrador, presidente electo de [&hellip;]<\/p>\n","protected":false},"author":2,"featured_media":54935,"comment_status":"closed","ping_status":"closed","sticky":false,"template":"","format":"standard","meta":{"footnotes":""},"categories":[14],"tags":[],"class_list":["post-54934","post","type-post","status-publish","format-standard","has-post-thumbnail","hentry","category-destacadas"],"_links":{"self":[{"href":"https:\/\/radiowebmx.com\/nota\/wp-json\/wp\/v2\/posts\/54934","targetHints":{"allow":["GET"]}}],"collection":[{"href":"https:\/\/radiowebmx.com\/nota\/wp-json\/wp\/v2\/posts"}],"about":[{"href":"https:\/\/radiowebmx.com\/nota\/wp-json\/wp\/v2\/types\/post"}],"author":[{"embeddable":true,"href":"https:\/\/radiowebmx.com\/nota\/wp-json\/wp\/v2\/users\/2"}],"replies":[{"embeddable":true,"href":"https:\/\/radiowebmx.com\/nota\/wp-json\/wp\/v2\/comments?post=54934"}],"version-history":[{"count":1,"href":"https:\/\/radiowebmx.com\/nota\/wp-json\/wp\/v2\/posts\/54934\/revisions"}],"predecessor-version":[{"id":54936,"href":"https:\/\/radiowebmx.com\/nota\/wp-json\/wp\/v2\/posts\/54934\/revisions\/54936"}],"wp:featuredmedia":[{"embeddable":true,"href":"https:\/\/radiowebmx.com\/nota\/wp-json\/wp\/v2\/media\/54935"}],"wp:attachment":[{"href":"https:\/\/radiowebmx.com\/nota\/wp-json\/wp\/v2\/media?parent=54934"}],"wp:term":[{"taxonomy":"category","embeddable":true,"href":"https:\/\/radiowebmx.com\/nota\/wp-json\/wp\/v2\/categories?post=54934"},{"taxonomy":"post_tag","embeddable":true,"href":"https:\/\/radiowebmx.com\/nota\/wp-json\/wp\/v2\/tags?post=54934"}],"curies":[{"name":"wp","href":"https:\/\/api.w.org\/{rel}","templated":true}]}}