{"id":54931,"date":"2018-07-10T16:59:28","date_gmt":"2018-07-10T21:59:28","guid":{"rendered":"https:\/\/radiowebmx.com\/nota\/?p=54931"},"modified":"2018-07-11T10:48:42","modified_gmt":"2018-07-11T15:48:42","slug":"dif-morelia-habilita-centro-de-acopio-para-damnificados-por-fuertes-lluvias","status":"publish","type":"post","link":"https:\/\/radiowebmx.com\/nota\/dif-morelia-habilita-centro-de-acopio-para-damnificados-por-fuertes-lluvias\/","title":{"rendered":"DIF Morelia habilita Centro de Acopio para damnificados por fuertes lluvias"},"content":{"rendered":"<table class=\"x_mcnTextBlock\" border=\"0\" width=\"100%\" cellspacing=\"0\" cellpadding=\"0\">\n<tbody class=\"x_mcnTextBlockOuter\">\n<tr>\n<td class=\"x_mcnTextBlockInner\" valign=\"top\">\n<table class=\"x_mcnTextContentContainer\" border=\"0\" width=\"100%\" cellspacing=\"0\" cellpadding=\"0\" align=\"left\">\n<tbody>\n<tr>\n<td class=\"x_mcnTextContent\" valign=\"top\">\n<ul>\n<li><strong>El Centro estar\u00e1 abierto de 09:00 a 20:00 horas en las instalaciones del DIF Municipal.<\/strong><\/li>\n<\/ul>\n<ul>\n<li><strong>Se recibir\u00e1n alimentos no perecederos, productos de limpieza y ropa en buen estado.\u00a0 \u00a0 \u00a0 \u00a0 \u00a0 \u00a0 \u00a0\u00a0<\/strong><\/li>\n<\/ul>\n<ul>\n<li><strong>Asimismo, se har\u00e1 entrega de apoyos alimenticios y cobijas entre las familias que resultaron m\u00e1s afectadas.<\/strong><\/li>\n<\/ul>\n<p>&nbsp;<\/p>\n<div>Tras las fuertes lluvias registradas la madrugada de este martes y por instrucciones del Presidente Municipal, Alfonso Mart\u00ednez Alc\u00e1zar, el Sistema DIF Morelia instal\u00f3 un Centro de Acopio en sus instalaciones, con el fin de recopilar v\u00edveres y ropa en buen estado para las familias damnificadas.<\/p>\n<p>En este tenor, Paola Delgadillo de Mart\u00ednez, Presidenta Honoraria del DIF Municipal, invit\u00f3 a la ciudadan\u00eda a solidarizarse con las personas que resultaron afectadas y a participar a trav\u00e9s de la donaci\u00f3n de distintos productos que permitir\u00e1n mitigar los da\u00f1os causados por la intensa lluvia.<\/p>\n<p>\u201cLos morelianos ya hemos demostrado nuestra fuerza y la capacidad de solidarizarnos ante los desastres naturales. Por ello, nuevamente hacemos un llamado a la ciudadan\u00eda a colaborar con quienes m\u00e1s necesitan nuestra ayuda en estos momentos\u201d, exhort\u00f3.<\/p>\n<p>Paola Delgadillo explic\u00f3 que personal de la dependencia estar\u00e1 recibiendo alimentos no perecederos, agua embotellada, productos de limpieza (cloro, detergente, etc.) y ropa limpia y en buen estado, en sus oficinas ubicadas en Vicente Barroso de la Escayola 135, en la Colonia F\u00e9lix Ireta, en un horario de 09:00 a 20:00 horas.<\/p>\n<p>Asimismo, inform\u00f3 que el Sistema DIF Morelia distribuir\u00e1 en las horas subsecuentes 200 apoyos alimenticios, m\u00e1s de 100 cobijas y cajas de leche entre las familias que resultaron damnificadas por dicha contingencia.<\/p>\n<p>Finalmente, la Presidenta Honoraria del DIF Municipal, indic\u00f3 que se mantendr\u00e1n atentos para recibir las donaciones respectivas y continuar apoyando a los morelianos que m\u00e1s lo requieren.<\/p><\/div>\n<\/td>\n<\/tr>\n<\/tbody>\n<\/table>\n<\/td>\n<\/tr>\n<\/tbody>\n<\/table>\n<table class=\"x_mcnTextBlock\" border=\"0\" width=\"100%\" cellspacing=\"0\" cellpadding=\"0\">\n<tbody class=\"x_mcnTextBlockOuter\">\n<tr>\n<td class=\"x_mcnTextBlockInner\" valign=\"top\"><\/td>\n<\/tr>\n<\/tbody>\n<\/table>\n","protected":false},"excerpt":{"rendered":"<p>El Centro estar\u00e1 abierto de 09:00 a 20:00 horas en las instalaciones del DIF Municipal. Se recibir\u00e1n alimentos no perecederos, productos de limpieza y ropa en buen estado.\u00a0 \u00a0 \u00a0 \u00a0 \u00a0 \u00a0 \u00a0\u00a0 Asimismo, se har\u00e1 entrega de apoyos alimenticios y cobijas entre las familias que resultaron m\u00e1s afectadas. &nbsp; Tras las fuertes lluvias [&hellip;]<\/p>\n","protected":false},"author":2,"featured_media":54932,"comment_status":"closed","ping_status":"closed","sticky":false,"template":"","format":"standard","meta":{"footnotes":""},"categories":[14,60,9],"tags":[],"class_list":["post-54931","post","type-post","status-publish","format-standard","has-post-thumbnail","hentry","category-destacadas","category-michoacan","category-morelia"],"_links":{"self":[{"href":"https:\/\/radiowebmx.com\/nota\/wp-json\/wp\/v2\/posts\/54931","targetHints":{"allow":["GET"]}}],"collection":[{"href":"https:\/\/radiowebmx.com\/nota\/wp-json\/wp\/v2\/posts"}],"about":[{"href":"https:\/\/radiowebmx.com\/nota\/wp-json\/wp\/v2\/types\/post"}],"author":[{"embeddable":true,"href":"https:\/\/radiowebmx.com\/nota\/wp-json\/wp\/v2\/users\/2"}],"replies":[{"embeddable":true,"href":"https:\/\/radiowebmx.com\/nota\/wp-json\/wp\/v2\/comments?post=54931"}],"version-history":[{"count":1,"href":"https:\/\/radiowebmx.com\/nota\/wp-json\/wp\/v2\/posts\/54931\/revisions"}],"predecessor-version":[{"id":54933,"href":"https:\/\/radiowebmx.com\/nota\/wp-json\/wp\/v2\/posts\/54931\/revisions\/54933"}],"wp:featuredmedia":[{"embeddable":true,"href":"https:\/\/radiowebmx.com\/nota\/wp-json\/wp\/v2\/media\/54932"}],"wp:attachment":[{"href":"https:\/\/radiowebmx.com\/nota\/wp-json\/wp\/v2\/media?parent=54931"}],"wp:term":[{"taxonomy":"category","embeddable":true,"href":"https:\/\/radiowebmx.com\/nota\/wp-json\/wp\/v2\/categories?post=54931"},{"taxonomy":"post_tag","embeddable":true,"href":"https:\/\/radiowebmx.com\/nota\/wp-json\/wp\/v2\/tags?post=54931"}],"curies":[{"name":"wp","href":"https:\/\/api.w.org\/{rel}","templated":true}]}}