{"id":54924,"date":"2018-07-10T14:26:29","date_gmt":"2018-07-10T19:26:29","guid":{"rendered":"https:\/\/radiowebmx.com\/nota\/?p=54924"},"modified":"2018-07-10T14:26:44","modified_gmt":"2018-07-10T19:26:44","slug":"prevencion-y-atencion-integral-ante-contingencias-naturales-roberto-carlos-lopez","status":"publish","type":"post","link":"https:\/\/radiowebmx.com\/nota\/prevencion-y-atencion-integral-ante-contingencias-naturales-roberto-carlos-lopez\/","title":{"rendered":"Prevenci\u00f3n y atenci\u00f3n integral ante contingencias naturales: Roberto Carlos L\u00f3pez"},"content":{"rendered":"<ul>\n<li class=\"x_gmail-m-6841322105911330041ydp22186141yiv4625183554ydp31375ae1yiv7361640286gmail-msonospacing\"><strong>Se requiere atenci\u00f3n integral para generar una cultura de la prevenci\u00f3n, se\u00f1al\u00f3 el diputado del PRI<\/strong><\/li>\n<\/ul>\n<p class=\"x_gmail-m-6841322105911330041ydp22186141yiv4625183554ydp31375ae1yiv7361640286gmail-msonospacing\"><b>Morelia; Michoac\u00e1n, 10 de julio de 2018<\/b>.- El diputado del PRI y presidente de la Mesa Directiva del Congreso del Estado, Roberto Carlos L\u00f3pez Garc\u00eda urgi\u00f3 la atenci\u00f3n inmediata a las personas afectadas tras la tromba ocurrida la noche de este lunes en Morelia, asimismo apremi\u00f3 reforzar las acciones de prevenci\u00f3n entre los ciudadanos e incentivar una campa\u00f1a integral que contemple informaci\u00f3n respecto a la actuaci\u00f3n, ante una contingencia o fen\u00f3meno natural y un plan de atenci\u00f3n integral.<\/p>\n<p class=\"x_gmail-m-6841322105911330041ydp22186141yiv4625183554ydp31375ae1yiv7361640286gmail-msonospacing\">El tambi\u00e9n integrante de la Comisi\u00f3n de Seguridad y Protecci\u00f3n Civil en el Congreso del Estado, subray\u00f3 que la situaci\u00f3n que priva en la capital del estado amerita adem\u00e1s de la intervenci\u00f3n de los tres \u00f3rdenes de Gobierno, as\u00ed como el Plan DNIII para atender a las familias que sufrieron alguna situaci\u00f3n de p\u00e9rdida patrimonial o su vivienda, y recuperar y restaurar las \u00e1reas m\u00e1s da\u00f1adas.<\/p>\n<p class=\"x_gmail-m-6841322105911330041ydp22186141yiv4625183554ydp31375ae1yiv7361640286gmail-msonospacing\">Los inevitables fen\u00f3menos meteorol\u00f3gicos\u00a0\u00a0que cada a\u00f1o se presentan y que para\u00a0\u00a0la temporada de huracanes que inici\u00f3 el pasado 15 de mayo en el Pac\u00edfico y el 1 de junio en el Atl\u00e1ntico,\u00a0\u00a0obliga a las autoridades de seguridad y protecci\u00f3n civil a poner en la agenda como tema prioritario las pol\u00edticas de prevenci\u00f3n y asistencia social ante cualquier tipo de desastre, indic\u00f3 el diputado del PRI.<\/p>\n<p class=\"x_gmail-m-6841322105911330041ydp22186141yiv4625183554ydp31375ae1yiv7361640286gmail-msonospacing\">Roberto L\u00f3pez Garc\u00eda expres\u00f3 que de acuerdo con el Sistema Meteorol\u00f3gico Nacional en la\u00a0\u00a0cuenca del Pac\u00edfico se podr\u00edan ver afectados por huracanes los estados de Baja California Sur, Sinaloa, Oaxaca, Guerrero, Michoac\u00e1n y Jalisco durante septiembre y octubre del 2018, por ello es necesario trabajar de manera coordinada tres \u00f3rdenes de Gobierno a trav\u00e9s de sus \u00e1reas de protecci\u00f3n civil, para actuar ante cualquier contingencia.<\/p>\n<p class=\"x_gmail-m-6841322105911330041ydp22186141yiv4625183554ydp31375ae1yiv7361640286gmail-msonospacing\">Insisti\u00f3 que la tarea de prevenci\u00f3n no es solo de las autoridades, tambi\u00e9n es una responsabilidad ciudadana, de esta manera se puede disminuir los efectos catastr\u00f3ficos, se\u00f1al\u00f3, al exponer que este tipo de acciones pueden contribuir a lograr una mejor protecci\u00f3n de los ciudadanos.<\/p>\n","protected":false},"excerpt":{"rendered":"<p>Se requiere atenci\u00f3n integral para generar una cultura de la prevenci\u00f3n, se\u00f1al\u00f3 el diputado del PRI Morelia; Michoac\u00e1n, 10 de julio de 2018.- El diputado del PRI y presidente de la Mesa Directiva del Congreso del Estado, Roberto Carlos L\u00f3pez Garc\u00eda urgi\u00f3 la atenci\u00f3n inmediata a las personas afectadas tras la tromba ocurrida la noche [&hellip;]<\/p>\n","protected":false},"author":2,"featured_media":54925,"comment_status":"closed","ping_status":"closed","sticky":false,"template":"","format":"standard","meta":{"footnotes":""},"categories":[6,14],"tags":[],"class_list":["post-54924","post","type-post","status-publish","format-standard","has-post-thumbnail","hentry","category-congreso-del-estado","category-destacadas"],"_links":{"self":[{"href":"https:\/\/radiowebmx.com\/nota\/wp-json\/wp\/v2\/posts\/54924","targetHints":{"allow":["GET"]}}],"collection":[{"href":"https:\/\/radiowebmx.com\/nota\/wp-json\/wp\/v2\/posts"}],"about":[{"href":"https:\/\/radiowebmx.com\/nota\/wp-json\/wp\/v2\/types\/post"}],"author":[{"embeddable":true,"href":"https:\/\/radiowebmx.com\/nota\/wp-json\/wp\/v2\/users\/2"}],"replies":[{"embeddable":true,"href":"https:\/\/radiowebmx.com\/nota\/wp-json\/wp\/v2\/comments?post=54924"}],"version-history":[{"count":1,"href":"https:\/\/radiowebmx.com\/nota\/wp-json\/wp\/v2\/posts\/54924\/revisions"}],"predecessor-version":[{"id":54926,"href":"https:\/\/radiowebmx.com\/nota\/wp-json\/wp\/v2\/posts\/54924\/revisions\/54926"}],"wp:featuredmedia":[{"embeddable":true,"href":"https:\/\/radiowebmx.com\/nota\/wp-json\/wp\/v2\/media\/54925"}],"wp:attachment":[{"href":"https:\/\/radiowebmx.com\/nota\/wp-json\/wp\/v2\/media?parent=54924"}],"wp:term":[{"taxonomy":"category","embeddable":true,"href":"https:\/\/radiowebmx.com\/nota\/wp-json\/wp\/v2\/categories?post=54924"},{"taxonomy":"post_tag","embeddable":true,"href":"https:\/\/radiowebmx.com\/nota\/wp-json\/wp\/v2\/tags?post=54924"}],"curies":[{"name":"wp","href":"https:\/\/api.w.org\/{rel}","templated":true}]}}