{"id":54919,"date":"2018-07-10T13:14:43","date_gmt":"2018-07-10T18:14:43","guid":{"rendered":"https:\/\/radiowebmx.com\/nota\/?p=54919"},"modified":"2018-07-10T13:13:39","modified_gmt":"2018-07-10T18:13:39","slug":"eligen-diputados-terna-de-aspirantes-a-comisionado-del-imaip","status":"publish","type":"post","link":"https:\/\/radiowebmx.com\/nota\/eligen-diputados-terna-de-aspirantes-a-comisionado-del-imaip\/","title":{"rendered":"Eligen diputados terna de aspirantes a Comisionado del IMAIP"},"content":{"rendered":"<p><img loading=\"lazy\" decoding=\"async\" class=\"\" src=\"https:\/\/attachment.outlook.live.net\/owa\/ultrapolitica@hotmail.com\/service.svc\/s\/GetAttachmentThumbnail?id=AQMkADAwATYwMAItODMyNi00ODU0LTAwAi0wMAoARgAAA5HawHgQuq9DrqMPu%2BRLC5sHANRV7lYdW%2FpNtd2j%2BEW2swoAAAIBDAAAANRV7lYdW%2FpNtd2j%2BEW2swoAAoZX7HQAAAABEgAQAKbvQez2oIhCm%2BMQnoGlN3E%3D&amp;thumbnailType=2&amp;X-OWA-CANARY=YQJsy2zyMUauXtTDU2aETKA_GLOQ5tUYB-9hISgs20eSPnywJSrc2wGoGqwTyP0_yG5nTTGHAgg.&amp;token=eyJhbGciOiJSUzI1NiIsImtpZCI6IjA2MDBGOUY2NzQ2MjA3MzdFNzM0MDRFMjg3QzQ1QTgxOENCN0NFQjgiLCJ4NXQiOiJCZ0Q1OW5SaUJ6Zm5OQVRpaDhSYWdZeTN6cmciLCJ0eXAiOiJKV1QifQ.eyJ2ZXIiOiJFeGNoYW5nZS5DYWxsYmFjay5WMSIsImFwcGN0eHNlbmRlciI6Ik93YURvd25sb2FkQDg0ZGY5ZTdmLWU5ZjYtNDBhZi1iNDM1LWFhYWFhYWFhYWFhYSIsImFwcGN0eCI6IntcIm1zZXhjaHByb3RcIjpcIm93YVwiLFwicHJpbWFyeXNpZFwiOlwiUy0xLTI4MjctMzkzMjE2LTIyMDAzMjQxODBcIixcInB1aWRcIjpcIjE2ODg4NTIwNjA1ODgxMTZcIixcIm9pZFwiOlwiMDAwNjAwMDAtODMyNi00ODU0LTAwMDAtMDAwMDAwMDAwMDAwXCIsXCJzY29wZVwiOlwiT3dhRG93bmxvYWRcIn0iLCJuYmYiOjE1MzEyNDYzMjQsImV4cCI6MTUzMTI0NjkyNCwiaXNzIjoiMDAwMDAwMDItMDAwMC0wZmYxLWNlMDAtMDAwMDAwMDAwMDAwQDg0ZGY5ZTdmLWU5ZjYtNDBhZi1iNDM1LWFhYWFhYWFhYWFhYSIsImF1ZCI6IjAwMDAwMDAyLTAwMDAtMGZmMS1jZTAwLTAwMDAwMDAwMDAwMC9hdHRhY2htZW50Lm91dGxvb2subGl2ZS5uZXRAODRkZjllN2YtZTlmNi00MGFmLWI0MzUtYWFhYWFhYWFhYWFhIn0.kvDS9BaiZnmkf5EwSFMMGsHT6ux21GE2zQQsq5EDn8PgRkOwhLq75d_Cz-64ZxunLaN1GdbrrRAz8aXq3tQlLxwDQ463H_zG2RbFyyAlPokMpqSHKMFEoc4xtcLZpE9_cz1yRjpk3GwQPVbH-Q9MAjhErGAVc5vF42xm8Le6GLw_DrOcUht6YI-wV21QyV_tdlh2tSXzqsHyPJRXrrJDqoW8telZ1ouJRkAg2DA6qIJF-NbI02XHURlmDP6Lg4IU-tcIjbum2yoC8y9TK7gXAk55q35Q8s_ch6THmDKi17POgdLXncgIC4f02NelQHFyVVISbUPNn2wqdr4MbYJZhQ&amp;owa=outlook.live.com&amp;isc=1\" width=\"401\" height=\"267\" \/><\/p>\n<p>&nbsp;<\/p>\n<p class=\"x_MsoNormal\"><b>Morelia; Michoac\u00e1n, 10 de julio de 2018<\/b>.- Las comisiones unidas de Gobernaci\u00f3n y Derechos Humanos, Mario Armando Mendoza, Ernesto Cedillo, Cecilia Lazo de la Vega, Eduardo Garc\u00eda Chavira y Jes\u00fas Remigio Garc\u00eda, aprobaron el dictamen con proyecto de acuerdo por el que se propone la terna para ocupar el cargo de Comisionado del Instituto Michoacano de Transparencia y Acceso a la Informaci\u00f3n P\u00fablica y Protecci\u00f3n de Datos Personales (IMAIP).<\/p>\n<p class=\"x_MsoNormal\">En reuni\u00f3n de trabajo, los diputados Mario Armando Mendoza, Ernesto Cedillo, Cecilia Lazo de la Vega, Eduardo Garc\u00eda Chavira y Jes\u00fas Remigio Garc\u00eda, coincidieron en seleccionar de entre 20 candidatos que atendieron a la Convocatoria, a los tres perfiles que resultaron mejor evaluados durante las comparecencias realizadas el pasado 5 de julio, y en las que los aspirantes plantearon ante los diputados integrantes de las comisiones unidas, sus propuestas y proyectos de trabajo.<\/p>\n<p class=\"x_MsoNormal\">En ese sentido, los legisladores determinaron que Reyna Lizbeth Ortega Silva, Cinthia Hern\u00e1ndez Gallegos y Arturo Jonathan Y\u00e9pez Rojas, integrar\u00e1n la terna que ser\u00e1 sometida a la consideraci\u00f3n del Pleno de la LXXIII Legislatura, para elegir al nuevo Comisionado del IMAIP.<\/p>\n","protected":false},"excerpt":{"rendered":"<p>&nbsp; Morelia; Michoac\u00e1n, 10 de julio de 2018.- Las comisiones unidas de Gobernaci\u00f3n y Derechos Humanos, Mario Armando Mendoza, Ernesto Cedillo, Cecilia Lazo de la Vega, Eduardo Garc\u00eda Chavira y Jes\u00fas Remigio Garc\u00eda, aprobaron el dictamen con proyecto de acuerdo por el que se propone la terna para ocupar el cargo de Comisionado del Instituto [&hellip;]<\/p>\n","protected":false},"author":2,"featured_media":54920,"comment_status":"closed","ping_status":"closed","sticky":false,"template":"","format":"standard","meta":{"footnotes":""},"categories":[6,14],"tags":[],"class_list":["post-54919","post","type-post","status-publish","format-standard","has-post-thumbnail","hentry","category-congreso-del-estado","category-destacadas"],"_links":{"self":[{"href":"https:\/\/radiowebmx.com\/nota\/wp-json\/wp\/v2\/posts\/54919","targetHints":{"allow":["GET"]}}],"collection":[{"href":"https:\/\/radiowebmx.com\/nota\/wp-json\/wp\/v2\/posts"}],"about":[{"href":"https:\/\/radiowebmx.com\/nota\/wp-json\/wp\/v2\/types\/post"}],"author":[{"embeddable":true,"href":"https:\/\/radiowebmx.com\/nota\/wp-json\/wp\/v2\/users\/2"}],"replies":[{"embeddable":true,"href":"https:\/\/radiowebmx.com\/nota\/wp-json\/wp\/v2\/comments?post=54919"}],"version-history":[{"count":2,"href":"https:\/\/radiowebmx.com\/nota\/wp-json\/wp\/v2\/posts\/54919\/revisions"}],"predecessor-version":[{"id":54922,"href":"https:\/\/radiowebmx.com\/nota\/wp-json\/wp\/v2\/posts\/54919\/revisions\/54922"}],"wp:featuredmedia":[{"embeddable":true,"href":"https:\/\/radiowebmx.com\/nota\/wp-json\/wp\/v2\/media\/54920"}],"wp:attachment":[{"href":"https:\/\/radiowebmx.com\/nota\/wp-json\/wp\/v2\/media?parent=54919"}],"wp:term":[{"taxonomy":"category","embeddable":true,"href":"https:\/\/radiowebmx.com\/nota\/wp-json\/wp\/v2\/categories?post=54919"},{"taxonomy":"post_tag","embeddable":true,"href":"https:\/\/radiowebmx.com\/nota\/wp-json\/wp\/v2\/tags?post=54919"}],"curies":[{"name":"wp","href":"https:\/\/api.w.org\/{rel}","templated":true}]}}