{"id":5491,"date":"2014-02-17T10:37:54","date_gmt":"2014-02-17T16:37:54","guid":{"rendered":"https:\/\/radiowebmx.com\/nota\/?p=5491"},"modified":"2014-02-17T10:37:54","modified_gmt":"2014-02-17T16:37:54","slug":"ezequiel-chavez-sanchez-nuevo-director-del-parque-zoologico-benito-juarez","status":"publish","type":"post","link":"https:\/\/radiowebmx.com\/nota\/ezequiel-chavez-sanchez-nuevo-director-del-parque-zoologico-benito-juarez\/","title":{"rendered":"EZEQUIEL CH\u00c1VEZ S\u00c1NCHEZ, NUEVO DIRECTOR DEL PARQUE ZOOL\u00d3GICO \u201cBENITO JU\u00c1REZ\u201d"},"content":{"rendered":"<p>El gobernador Fausto Vallejo Figueroa design\u00f3 al m\u00e9dico veterinario y zootecnista Ezequiel Ch\u00e1vez S\u00e1nchez, como nuevo director del Parque Zool\u00f3gico \u201cBenito Ju\u00e1rez\u201d de esta capital, en sustituci\u00f3n de Mart\u00edn Zavala Mondrag\u00f3n.<\/p>\n<p>Se trata de un relevo institucional que tiene como objetivo dinamizar esta \u00e1rea de la administraci\u00f3n p\u00fablica estatal, en aras de mejorar los servicios que all\u00ed se brindan.<\/p>\n<p>Egresado de la Facultad de Medicina Veterinaria y Zootecnia de la Universidad Michoacana de San Nicol\u00e1s de Hidalgo de la cual fue catedr\u00e1tico durante 28 a\u00f1os, Ezequiel Ch\u00e1vez tiene una amplia experiencia acad\u00e9mica y profesional en el manejo, atenci\u00f3n y cuidado de animales.<\/p>\n<p>El nuevo director del Parque Zool\u00f3gico \u201cBenito Ju\u00e1rez\u201d fue tambi\u00e9n profesor del Instituto Tecnol\u00f3gico Agropecuario No. 7 (hoy Instituto Tecnol\u00f3gico del Valle de Morelia) durante 30 a\u00f1os.<\/p>\n<p>Ha sido asesor de infinidad de alumnos que han logrado su titulaci\u00f3n como profesionales de la Medicina Veterinaria y Zootecnia, con trabajos en diferentes campos de \u00e9sta rama.<\/p>\n<p>A lo largo de 10 a\u00f1os, en diferentes etapas, fue director del Centro de Control Canino dependiente del Ayuntamiento de Morelia, durante las administraciones de los alcaldes Salvador Galv\u00e1n Infante, Fausto Vallejo Figueroa, Roc\u00edo Pineda Gochi y Manuel Nocetti Tiznado, respectivamente.<\/p>\n<p>En la pr\u00f3ximas horas en nuevo titular del Zool\u00f3gico ser\u00e1 presentado ante el personal de ese centro recreativo que es uno de los m\u00e1s importantes de su tipo no s\u00f3lo de M\u00e9xico sino de Am\u00e9rica Latina.<\/p>\n<p>&nbsp;<\/p>\n","protected":false},"excerpt":{"rendered":"<p>El gobernador Fausto Vallejo Figueroa design\u00f3 al m\u00e9dico veterinario y zootecnista Ezequiel Ch\u00e1vez S\u00e1nchez, como nuevo director del Parque Zool\u00f3gico \u201cBenito Ju\u00e1rez\u201d de esta capital, en sustituci\u00f3n de Mart\u00edn Zavala Mondrag\u00f3n.<\/p>\n","protected":false},"author":1,"featured_media":0,"comment_status":"open","ping_status":"open","sticky":false,"template":"","format":"standard","meta":{"footnotes":""},"categories":[14,3],"tags":[],"class_list":["post-5491","post","type-post","status-publish","format-standard","hentry","category-destacadas","category-gobierno-del-estado-de-michoacan"],"_links":{"self":[{"href":"https:\/\/radiowebmx.com\/nota\/wp-json\/wp\/v2\/posts\/5491","targetHints":{"allow":["GET"]}}],"collection":[{"href":"https:\/\/radiowebmx.com\/nota\/wp-json\/wp\/v2\/posts"}],"about":[{"href":"https:\/\/radiowebmx.com\/nota\/wp-json\/wp\/v2\/types\/post"}],"author":[{"embeddable":true,"href":"https:\/\/radiowebmx.com\/nota\/wp-json\/wp\/v2\/users\/1"}],"replies":[{"embeddable":true,"href":"https:\/\/radiowebmx.com\/nota\/wp-json\/wp\/v2\/comments?post=5491"}],"version-history":[{"count":2,"href":"https:\/\/radiowebmx.com\/nota\/wp-json\/wp\/v2\/posts\/5491\/revisions"}],"predecessor-version":[{"id":5493,"href":"https:\/\/radiowebmx.com\/nota\/wp-json\/wp\/v2\/posts\/5491\/revisions\/5493"}],"wp:attachment":[{"href":"https:\/\/radiowebmx.com\/nota\/wp-json\/wp\/v2\/media?parent=5491"}],"wp:term":[{"taxonomy":"category","embeddable":true,"href":"https:\/\/radiowebmx.com\/nota\/wp-json\/wp\/v2\/categories?post=5491"},{"taxonomy":"post_tag","embeddable":true,"href":"https:\/\/radiowebmx.com\/nota\/wp-json\/wp\/v2\/tags?post=5491"}],"curies":[{"name":"wp","href":"https:\/\/api.w.org\/{rel}","templated":true}]}}