{"id":54906,"date":"2018-07-09T12:59:25","date_gmt":"2018-07-09T17:59:25","guid":{"rendered":"https:\/\/radiowebmx.com\/nota\/?p=54906"},"modified":"2018-07-10T10:35:38","modified_gmt":"2018-07-10T15:35:38","slug":"concluye-el-ciclo-escolar-2017-2018-para-mas-de-un-millon-de-estudiantes-michoacanos-see","status":"publish","type":"post","link":"https:\/\/radiowebmx.com\/nota\/concluye-el-ciclo-escolar-2017-2018-para-mas-de-un-millon-de-estudiantes-michoacanos-see\/","title":{"rendered":"Concluye el ciclo escolar 2017-2018 para m\u00e1s de un mill\u00f3n de estudiantes michoacanos: SEE"},"content":{"rendered":"<p><strong>Morelia, Michoac\u00e1n; a 9 de julio de 2018.-<\/strong>\u00a0La Secretar\u00eda de Educaci\u00f3n en el Estado (SEE), informa que el d\u00eda de hoy m\u00e1s de un mill\u00f3n de estudiantes de educaci\u00f3n b\u00e1sica, concluyeron el ciclo escolar 2017-2018 e inician el periodo vacacional de verano.<\/p>\n<p>De igual forma, m\u00e1s de 46 mil docentes que conforman los niveles de preescolar, primaria y secundaria entrar\u00e1n en receso escolar, luego de adecuar los programas educativos a los d\u00edas de clases permitidos, que definieron el fin de cursos en cada plantel, conforme a su planeaci\u00f3n y avances.<\/p>\n<p>De acuerdo al calendario oficial de 195 d\u00edas emitido por la Secretar\u00eda de Educaci\u00f3n P\u00fablica (SEP), el d\u00eda de hoy concluye formalmente el ciclo escolar 2017-2018 para educaci\u00f3n b\u00e1sica; los planteles que adoptaron el calendario de 185 d\u00edas iniciaron el receso de clases desde el pasado 25 de junio; y\u00a0las escuelas normales, cuyo calendario es de 200 d\u00edas, terminar\u00e1n hasta el 16 de julio pr\u00f3ximo.<\/p>\n<p>Del total de estudiantes que concluyeron actividades, cerca de 206 mil pertenecen a preescolar, aproximadamente 560 mil a primaria y m\u00e1s 239 mil a secundaria.<\/p>\n<p>Asimismo, entran en receso m\u00e1s de 9 mil docentes de educaci\u00f3n preescolar, cerca de 27 del nivel primaria y m\u00e1s de 10 mil de secundaria.<\/p>\n<p>El arranque del nuevo ciclo escolar ser\u00e1 lunes 20 de agosto para todas las escuelas de educaci\u00f3n b\u00e1sica en el pa\u00eds, por lo que la SEE invita a las madres y padres de familia para que a lo largo de las seis semanas de periodo vacacional, dediquen parte del tiempo libre a realizar actividades que ayuden a reforzar el aprendizaje logrado a lo largo del a\u00f1o lectivo que hoy concluye.<\/p>\n","protected":false},"excerpt":{"rendered":"<p>Morelia, Michoac\u00e1n; a 9 de julio de 2018.-\u00a0La Secretar\u00eda de Educaci\u00f3n en el Estado (SEE), informa que el d\u00eda de hoy m\u00e1s de un mill\u00f3n de estudiantes de educaci\u00f3n b\u00e1sica, concluyeron el ciclo escolar 2017-2018 e inician el periodo vacacional de verano. De igual forma, m\u00e1s de 46 mil docentes que conforman los niveles de [&hellip;]<\/p>\n","protected":false},"author":2,"featured_media":54907,"comment_status":"closed","ping_status":"closed","sticky":false,"template":"","format":"standard","meta":{"footnotes":""},"categories":[14,3,60],"tags":[],"class_list":["post-54906","post","type-post","status-publish","format-standard","has-post-thumbnail","hentry","category-destacadas","category-gobierno-del-estado-de-michoacan","category-michoacan"],"_links":{"self":[{"href":"https:\/\/radiowebmx.com\/nota\/wp-json\/wp\/v2\/posts\/54906","targetHints":{"allow":["GET"]}}],"collection":[{"href":"https:\/\/radiowebmx.com\/nota\/wp-json\/wp\/v2\/posts"}],"about":[{"href":"https:\/\/radiowebmx.com\/nota\/wp-json\/wp\/v2\/types\/post"}],"author":[{"embeddable":true,"href":"https:\/\/radiowebmx.com\/nota\/wp-json\/wp\/v2\/users\/2"}],"replies":[{"embeddable":true,"href":"https:\/\/radiowebmx.com\/nota\/wp-json\/wp\/v2\/comments?post=54906"}],"version-history":[{"count":1,"href":"https:\/\/radiowebmx.com\/nota\/wp-json\/wp\/v2\/posts\/54906\/revisions"}],"predecessor-version":[{"id":54908,"href":"https:\/\/radiowebmx.com\/nota\/wp-json\/wp\/v2\/posts\/54906\/revisions\/54908"}],"wp:featuredmedia":[{"embeddable":true,"href":"https:\/\/radiowebmx.com\/nota\/wp-json\/wp\/v2\/media\/54907"}],"wp:attachment":[{"href":"https:\/\/radiowebmx.com\/nota\/wp-json\/wp\/v2\/media?parent=54906"}],"wp:term":[{"taxonomy":"category","embeddable":true,"href":"https:\/\/radiowebmx.com\/nota\/wp-json\/wp\/v2\/categories?post=54906"},{"taxonomy":"post_tag","embeddable":true,"href":"https:\/\/radiowebmx.com\/nota\/wp-json\/wp\/v2\/tags?post=54906"}],"curies":[{"name":"wp","href":"https:\/\/api.w.org\/{rel}","templated":true}]}}