{"id":54894,"date":"2018-07-09T14:20:42","date_gmt":"2018-07-09T19:20:42","guid":{"rendered":"https:\/\/radiowebmx.com\/nota\/?p=54894"},"modified":"2018-07-09T14:20:33","modified_gmt":"2018-07-09T19:20:33","slug":"da-inicio-el-curso-de-verano-del-sistema-dif-michoacan-2018","status":"publish","type":"post","link":"https:\/\/radiowebmx.com\/nota\/da-inicio-el-curso-de-verano-del-sistema-dif-michoacan-2018\/","title":{"rendered":"Da inici\u00f3 el Curso de Verano del Sistema DIF Michoac\u00e1n 2018."},"content":{"rendered":"<p><img loading=\"lazy\" decoding=\"async\" class=\"\" src=\"https:\/\/gallery.mailchimp.com\/ca18835a8c7d95ee8f07c62b0\/images\/3eb07c13-81b5-4041-b346-a3aa5680d236.jpg\" width=\"401\" height=\"267\" \/><\/p>\n<p>&nbsp;<\/p>\n<ul>\n<li><strong>Con el tema \u201cApaches a la conquista del verano\u201d, 311 ni\u00f1as y ni\u00f1os disfrutar\u00e1n de 4 semanas con diferentes actividades<\/strong><\/li>\n<\/ul>\n<p><strong>Morelia, Michoac\u00e1n, a 17 de julio de 2017.-<\/strong>\u00a0El Sistema para el Desarrollo Integral de la Familia (DIF) Michoac\u00e1n inici\u00f3 con el curso de verano que se impartir\u00e1 en el Centro de Educaci\u00f3n Art\u00edstica y Cultural (CEAC) \u201cJos\u00e9 Ma. Morelos\u201d, del 09 de julio al 03 de agosto.<\/p>\n<p>El Centro de Educaci\u00f3n Art\u00edstica y Cultural (CEAC) \u201cJos\u00e9 Ma. Morelos\u201d, como cada a\u00f1o lleva a cabo su Curso de Verano, que permitir\u00e1 a los ni\u00f1os de la comunidad, casas hogar y personas con discapacidad aprovechar este periodo vacacional, para vivir una nueva experiencia de aprendizaje cultural, art\u00edstico y deportivo en un entorno seguro y divertido.<\/p>\n<p>Durante la inauguraci\u00f3n, la directora general del Sistema DIF Michoac\u00e1n, Roc\u00edo Beamonte Romero, detall\u00f3 que los participantes, adem\u00e1s de divertirse, podr\u00e1n desarrollar sus habilidades intelectuales, sociales y personales tales como el trabajo colaborativo, la creatividad, la tolerancia, el respeto, la cooperaci\u00f3n y toma de decisiones, valores y acciones que son vitales para una adecuada convivencia en la sociedad.<\/p>\n<p>Cada grupo disfrutar\u00e1 de varios talleres que ser\u00e1n divididos por semanas, los grupos de 4 a 6 a\u00f1os tendr\u00e1n un total de 9 actividades, los grupos de 7 a 9 y 10 a 12 a\u00f1os tendr\u00e1n un total de 10 actividades y el grupo de discapacidad tendr\u00e1n un total de 7 actividades.<\/p>\n<p>Entre las actividades que podr\u00e1n disfrutar se encuentran: Yoga, artes pl\u00e1sticas, arte reciclado, danza y expresi\u00f3n corporal, teatro, capoeira, lectura creativa, activaci\u00f3n f\u00edsica, danza africana, hip hop, arte con hilo, juego de pelota mesoamericana, defensa personal, juguetes musicales, historietas creativas y animaci\u00f3n, futbol, tae kwon do, juegos para la paz y arte comestible.<\/p>\n<p>&nbsp;<\/p>\n<p><img loading=\"lazy\" decoding=\"async\" class=\"\" src=\"https:\/\/gallery.mailchimp.com\/ca18835a8c7d95ee8f07c62b0\/images\/9b1834a4-93b5-4ff8-ae5e-f0a02f0e53b9.jpg\" width=\"401\" height=\"267\" \/><\/p>\n","protected":false},"excerpt":{"rendered":"<p>&nbsp; Con el tema \u201cApaches a la conquista del verano\u201d, 311 ni\u00f1as y ni\u00f1os disfrutar\u00e1n de 4 semanas con diferentes actividades Morelia, Michoac\u00e1n, a 17 de julio de 2017.-\u00a0El Sistema para el Desarrollo Integral de la Familia (DIF) Michoac\u00e1n inici\u00f3 con el curso de verano que se impartir\u00e1 en el Centro de Educaci\u00f3n Art\u00edstica y [&hellip;]<\/p>\n","protected":false},"author":2,"featured_media":54895,"comment_status":"closed","ping_status":"closed","sticky":false,"template":"","format":"standard","meta":{"footnotes":""},"categories":[14,3,60],"tags":[],"class_list":["post-54894","post","type-post","status-publish","format-standard","has-post-thumbnail","hentry","category-destacadas","category-gobierno-del-estado-de-michoacan","category-michoacan"],"_links":{"self":[{"href":"https:\/\/radiowebmx.com\/nota\/wp-json\/wp\/v2\/posts\/54894","targetHints":{"allow":["GET"]}}],"collection":[{"href":"https:\/\/radiowebmx.com\/nota\/wp-json\/wp\/v2\/posts"}],"about":[{"href":"https:\/\/radiowebmx.com\/nota\/wp-json\/wp\/v2\/types\/post"}],"author":[{"embeddable":true,"href":"https:\/\/radiowebmx.com\/nota\/wp-json\/wp\/v2\/users\/2"}],"replies":[{"embeddable":true,"href":"https:\/\/radiowebmx.com\/nota\/wp-json\/wp\/v2\/comments?post=54894"}],"version-history":[{"count":1,"href":"https:\/\/radiowebmx.com\/nota\/wp-json\/wp\/v2\/posts\/54894\/revisions"}],"predecessor-version":[{"id":54896,"href":"https:\/\/radiowebmx.com\/nota\/wp-json\/wp\/v2\/posts\/54894\/revisions\/54896"}],"wp:featuredmedia":[{"embeddable":true,"href":"https:\/\/radiowebmx.com\/nota\/wp-json\/wp\/v2\/media\/54895"}],"wp:attachment":[{"href":"https:\/\/radiowebmx.com\/nota\/wp-json\/wp\/v2\/media?parent=54894"}],"wp:term":[{"taxonomy":"category","embeddable":true,"href":"https:\/\/radiowebmx.com\/nota\/wp-json\/wp\/v2\/categories?post=54894"},{"taxonomy":"post_tag","embeddable":true,"href":"https:\/\/radiowebmx.com\/nota\/wp-json\/wp\/v2\/tags?post=54894"}],"curies":[{"name":"wp","href":"https:\/\/api.w.org\/{rel}","templated":true}]}}