{"id":54884,"date":"2018-07-07T19:50:19","date_gmt":"2018-07-08T00:50:19","guid":{"rendered":"https:\/\/radiowebmx.com\/nota\/?p=54884"},"modified":"2018-07-09T11:51:33","modified_gmt":"2018-07-09T16:51:33","slug":"alinear-areas-de-gobierno-para-continuar-con-resultados-eficaces-silvano-aureoles","status":"publish","type":"post","link":"https:\/\/radiowebmx.com\/nota\/alinear-areas-de-gobierno-para-continuar-con-resultados-eficaces-silvano-aureoles\/","title":{"rendered":"Alinear \u00e1reas de Gobierno para continuar con resultados eficaces: Silvano Aureoles"},"content":{"rendered":"<p><img loading=\"lazy\" decoding=\"async\" class=\"\" src=\"http:\/\/michoacan.gob.mx\/wp-content\/uploads\/2018\/07\/55643c80-55af-43d6-80db-74775e08cae2.jpeg\" width=\"401\" height=\"267\" \/><\/p>\n<p>&nbsp;<\/p>\n<ul>\n<li><strong>El Gobernador Constitucional Silvano Aureoles encabez\u00f3, esta ma\u00f1ana y por separado, dos reuniones de trabajo con integrantes de los Gabinetes Econ\u00f3mico y Social.<\/strong><\/li>\n<li><strong>Acuerdan alinear acciones en \u00e1reas centralizadas y descentralizadas de Gobierno, a fin de conseguir m\u00e1s y mejores resultados.<\/strong><\/li>\n<\/ul>\n<p><strong>Morelia, Michoac\u00e1n, a 7 de julio de 2018.-<\/strong>\u00a0A casi tres a\u00f1os de operatividad de la administraci\u00f3n actual, el Gobernador Constitucional Silvano Aureoles Conejo sostuvo un par de reuniones, por separado, con integrantes de los Gabinetes Econ\u00f3mico y Social, con quienes se realiz\u00f3 una amplia evaluaci\u00f3n de resultados y metas alcanzadas en la primera mitad de la actual administraci\u00f3n estatal, al mismo tiempo que trazaron la ruta de nuevos objetivos, en un trabajo alineado y transversal que derive en el desarrollo \u00f3ptimo de la entidad.<\/p>\n<p>Durante las mesas de trabajo, se acord\u00f3 dar mayor promoci\u00f3n al desarrollo econ\u00f3mico de la entidad; buscar desde cada \u00e1rea aterrizar mayor inversi\u00f3n, as\u00ed como incrementar la gesti\u00f3n de recursos de parte de las dependencias para fortalecer los programas sociales y ampliar oportunidades a favor de las michoacanas y los michoacanos.<\/p>\n<p>Tambi\u00e9n se realiz\u00f3 la planeaci\u00f3n de mejora en cada dependencia; identificaron las \u00e1reas que necesitan reforzarse y con ello optimizar el servicio que brinda cada una a la ciudadan\u00eda.<\/p>\n<p>\u201cEs momento de cambiar las cosas; replantear la actuaci\u00f3n del trabajo que se realiza y que ello nos permita mejorar en beneficio de las y los ciudadanos\u201d, pronunci\u00f3 el mandatario estatal.<\/p>\n<p>En este marco, el titular del Ejecutivo Estatal instruy\u00f3 a reforzar la interacci\u00f3n y coordinaci\u00f3n entre las \u00e1reas centralizadas y descentralizadas del Gobierno.<\/p>\n<p>En la v\u00edspera de cumplir los tres a\u00f1os de administraci\u00f3n, Aureoles Conejo conmin\u00f3 a las y los integrantes de ambos Gabinetes a acelerar el paso en los pendientes, a fin de entregar un Tercer Informe de Gobierno puntual y en orden, como se ha hecho con anterioridad.<\/p>\n<p>El Jefe de Oficina del Gobernador, Erik L\u00f3pez Barriga abord\u00f3 que esta nueva din\u00e1mica busca darle m\u00e1s orden y disciplina al trabajo que se viene realizando, con un nuevo enfoque para dar m\u00e1s y mejores resultados.<\/p>\n<p>Dijo que esta alineaci\u00f3n se realiza de manera transversal, para construir las pol\u00edticas p\u00fablicas necesarias, correspondientes a cada \u00e1rea de Gobierno.<\/p>\n<p>Es importante mencionar que en esta reuniones de evaluaci\u00f3n con los Gabinetes tem\u00e1ticos, estar\u00e1n sesionando de manera permanente las y los responsables de la Secretar\u00eda de Finanzas y Administraci\u00f3n, Secretar\u00eda de Contralor\u00eda, Coordinaci\u00f3n General de Comunicaci\u00f3n Social; Consejer\u00eda Jur\u00eddica, Secretar\u00eda T\u00e9cnica y Jefatura de la Oficina del Gobernador.<\/p>\n<p>En esta reuni\u00f3n estuvieron el secretario de Finanzas y Administraci\u00f3n, Carlos Maldonado Mendoza; el secretario de Desarrollo Econ\u00f3mico, Jes\u00fas Melgoza Vel\u00e1zquez; el secretario de Comunicaciones y Obras P\u00fablicas, Jos\u00e9 Juan Dom\u00ednguez L\u00f3pez; la secretaria de Turismo, Claudia Ch\u00e1vez L\u00f3pez; el secretario del Medio Ambiente, Cambi\u00f3 Clim\u00e1tico y Desarrollo Territorial, Ricardo Luna Garc\u00eda y la coordinadora general de Comunicaci\u00f3n Social, Julieta L\u00f3pez Bautista.<\/p>\n<p>Tambi\u00e9n los titulares de las secretar\u00edas de Desarrollo Social y Humano, Juan Carlos Barrag\u00e1n V\u00e9lez; de Salud, Diana Celia Carpio R\u00edos; de Educaci\u00f3n, Alberto Frutis Sol\u00eds; del Migrante, Jos\u00e9 Luis Guti\u00e9rrez P\u00e9rez; de Cultura, Silvia Figueroa Zamudio; de Igualdad Sustantiva y Desarrollo de las Mujeres, Nuria Gabriela Hern\u00e1ndez Abarca; de Desarrollo Rural y Agroalimentario, Rub\u00e9n Medina Ni\u00f1o.<\/p>\n<p>As\u00ed como la directora general del DIF Estatal, Roc\u00edo Beamonte Romero; el director del R\u00e9gimen Estatal de Protecci\u00f3n Social en Salud, German Ortega Silva; el subsecretario de Gobierno, Armando Hurtado Ar\u00e9valo; la secretaria T\u00e9cnica del Gobernador, Taygete Luna Cruz; el secretario de Contralor\u00eda, Francisco Huergo Maur\u00edn; el Consejero Jur\u00eddico, Lenin S\u00e1nchez Barrag\u00e1n, as\u00ed como las y los titulares de las dependencias que integran los Gabinetes Social y Econ\u00f3mico.<\/p>\n<p>&nbsp;<\/p>\n<p><img loading=\"lazy\" decoding=\"async\" class=\"\" src=\"http:\/\/michoacan.gob.mx\/wp-content\/uploads\/2018\/07\/fdc64d51-a2c3-4c37-b1ea-08b058e21fa9.jpeg\" width=\"401\" height=\"267\" \/><\/p>\n","protected":false},"excerpt":{"rendered":"<p>&nbsp; El Gobernador Constitucional Silvano Aureoles encabez\u00f3, esta ma\u00f1ana y por separado, dos reuniones de trabajo con integrantes de los Gabinetes Econ\u00f3mico y Social. Acuerdan alinear acciones en \u00e1reas centralizadas y descentralizadas de Gobierno, a fin de conseguir m\u00e1s y mejores resultados. Morelia, Michoac\u00e1n, a 7 de julio de 2018.-\u00a0A casi tres a\u00f1os de operatividad [&hellip;]<\/p>\n","protected":false},"author":2,"featured_media":54885,"comment_status":"closed","ping_status":"closed","sticky":false,"template":"","format":"standard","meta":{"footnotes":""},"categories":[14,3,60],"tags":[],"class_list":["post-54884","post","type-post","status-publish","format-standard","has-post-thumbnail","hentry","category-destacadas","category-gobierno-del-estado-de-michoacan","category-michoacan"],"_links":{"self":[{"href":"https:\/\/radiowebmx.com\/nota\/wp-json\/wp\/v2\/posts\/54884","targetHints":{"allow":["GET"]}}],"collection":[{"href":"https:\/\/radiowebmx.com\/nota\/wp-json\/wp\/v2\/posts"}],"about":[{"href":"https:\/\/radiowebmx.com\/nota\/wp-json\/wp\/v2\/types\/post"}],"author":[{"embeddable":true,"href":"https:\/\/radiowebmx.com\/nota\/wp-json\/wp\/v2\/users\/2"}],"replies":[{"embeddable":true,"href":"https:\/\/radiowebmx.com\/nota\/wp-json\/wp\/v2\/comments?post=54884"}],"version-history":[{"count":1,"href":"https:\/\/radiowebmx.com\/nota\/wp-json\/wp\/v2\/posts\/54884\/revisions"}],"predecessor-version":[{"id":54886,"href":"https:\/\/radiowebmx.com\/nota\/wp-json\/wp\/v2\/posts\/54884\/revisions\/54886"}],"wp:featuredmedia":[{"embeddable":true,"href":"https:\/\/radiowebmx.com\/nota\/wp-json\/wp\/v2\/media\/54885"}],"wp:attachment":[{"href":"https:\/\/radiowebmx.com\/nota\/wp-json\/wp\/v2\/media?parent=54884"}],"wp:term":[{"taxonomy":"category","embeddable":true,"href":"https:\/\/radiowebmx.com\/nota\/wp-json\/wp\/v2\/categories?post=54884"},{"taxonomy":"post_tag","embeddable":true,"href":"https:\/\/radiowebmx.com\/nota\/wp-json\/wp\/v2\/tags?post=54884"}],"curies":[{"name":"wp","href":"https:\/\/api.w.org\/{rel}","templated":true}]}}