{"id":54881,"date":"2018-07-06T19:47:56","date_gmt":"2018-07-07T00:47:56","guid":{"rendered":"https:\/\/radiowebmx.com\/nota\/?p=54881"},"modified":"2018-07-09T11:50:12","modified_gmt":"2018-07-09T16:50:12","slug":"trabajo-articulado-eficaz-y-de-resultados-la-prioridad-silvano-aureoles","status":"publish","type":"post","link":"https:\/\/radiowebmx.com\/nota\/trabajo-articulado-eficaz-y-de-resultados-la-prioridad-silvano-aureoles\/","title":{"rendered":"Trabajo articulado, eficaz y de resultados, la prioridad: Silvano Aureoles"},"content":{"rendered":"<p><img loading=\"lazy\" decoding=\"async\" class=\"\" src=\"http:\/\/michoacan.gob.mx\/wp-content\/uploads\/2018\/07\/6929089d-9cb1-44fb-8ffd-f13303c2b5de.jpeg\" width=\"399\" height=\"266\" \/><\/p>\n<p>&nbsp;<\/p>\n<ul>\n<li><strong>El Gobernador Constitucional, Silvano Aureoles encabeza reuni\u00f3n con integrantes del Gabinete de Gobierno, Seguridad y Justicia, a fin de fortalecer proyectos y acciones en base a los ejes del Plan de Desarrollo Estatal.<\/strong><\/li>\n<\/ul>\n<p><strong>Morelia, Michoac\u00e1n, a 6 de julio del 2018.-<\/strong>\u00a0El titular del Ejecutivo de Michoac\u00e1n, Silvano Aureoles Conejo, se reuni\u00f3 este viernes con las funcionarias y funcionarios que integran el Gabinete de Gobierno, Seguridad y Justicia, con el prop\u00f3sito de analizar el desempe\u00f1o de cada una de las \u00e1reas de la administraci\u00f3n estatal y fortalecer la estrategia que permita llevar a cabo un trabajo articulado y eficaz, para entregar buenos resultados a la ciudadan\u00eda.<\/p>\n<p>Lograr ahorros econ\u00f3micos en cada una de las \u00e1reas del gobierno, incrementar la eficacia al brindar los servicios necesarios a la poblaci\u00f3n, y planear en base a rutas y objetivos las giras de trabajo por el interior del estado, fueron los rubros a considerar.<\/p>\n<p>En presencia del secretario de Gobierno, Pascual Sigala P\u00e1ez, el Gobernador fue enf\u00e1tico en se\u00f1alar que la cercan\u00eda con las y los ciudadanos, as\u00ed como la colaboraci\u00f3n con las autoridades municipales, son esenciales para atender sus demandas y cumplir los objetivos trazados.<\/p>\n<p>Por ello, afirm\u00f3 que en cumplimiento a la funci\u00f3n para la cual fueron construidos, se reforzar\u00e1 e intensificar\u00e1 la atenci\u00f3n del Gobierno a trav\u00e9s de los Complejos Administrativos y Policiales Regionales ya instalados.<\/p>\n<p>En este marco, se analizaron tambi\u00e9n los resultados de las mesas de di\u00e1logo sostenidas con los diferentes sectores, organizaciones civiles y comunales, as\u00ed como la atenci\u00f3n a sus peticiones.<\/p>\n<p>\u201cEl di\u00e1logo siempre ha sido fundamental para continuar trabajando con orden y civilidad en la resoluci\u00f3n de las diferentes problem\u00e1ticas\u201d, dijo el mandatario michoacano y conmin\u00f3 a las y los integrantes de su Gabinete a continuar la labor sobre esa l\u00ednea.<\/p>\n<p>Es de resaltar que en los pr\u00f3ximos d\u00edas, el Gobernador del Estado sostendr\u00e1 reuniones con las funcionarias y funcionarios de los Gabinetes Social y Econ\u00f3mico, para trabajar en este mismo sentido.<\/p>\n<p>Participaron en esta reuni\u00f3n, los y las titulares de la Secretar\u00eda de Finanzas y Administraci\u00f3n, Carlos Maldonado Mendoza; de la Secretar\u00eda de la Contralor\u00eda, Francisco Huergo Maurin; de la Jefatura de la Oficina del Gobernador, Erick L\u00f3pez Barriga; de la Secretar\u00eda T\u00e9cnica del Gobernador, Taygete Luna Cruz; de la Consejer\u00eda Jur\u00eddica, Lenin S\u00e1nchez Rodr\u00edguez; de la Coordinaci\u00f3n General de Comunicaci\u00f3n Social, Julieta L\u00f3pez Bautista; los subsecretarios de Gobernaci\u00f3n y de Enlace Legislativo, Armando Hurtado Ar\u00e9valo y Daniel Moncada S\u00e1nchez, respectivamente.<\/p>\n<p>As\u00ed como quienes integran el Gabinete de Gobierno, Seguridad y Justicia: de la Secretar\u00eda de Seguridad P\u00fablica, Juan Bernardo Corona Mart\u00ednez; Procuradur\u00eda General de Justicia del Estado, Jos\u00e9 Mart\u00edn Godoy Castro; del Secretariado Ejecutivo del Sistema Estatal de Seguridad P\u00fablica, Lilia Cipriano Ista; de la Procuradur\u00eda de Protecci\u00f3n al Ambiente, Juan Carlos Vega Sol\u00f3rzano; del Tribunal de Conciliaci\u00f3n y Arbitraje del Estado, Luis Fernando Rodr\u00edguez Vera; del Centro Estatal de Certificaci\u00f3n, Acreditaci\u00f3n y Control de Confianza, Esther Moreno \u00c1lvarez; de la Comisi\u00f3n Ejecutiva Estatal de Atenci\u00f3n a V\u00edctimas, Cristina Cort\u00e9s Carrillo.<\/p>\n<p>Adem\u00e1s de quienes encabezan el Consejo Estatal para Prevenir y Eliminar la Discriminaci\u00f3n y la Violencia, Alberto Hern\u00e1ndez Ram\u00edrez; el Centro Estatal para el Desarrollo Municipal, Israel Tentory Garc\u00eda; la Coordinaci\u00f3n del Sistema Penitenciario, general Jos\u00e9 Candelario Jaime Contreras L\u00f3pez; la Coordinaci\u00f3n Estatal de Protecci\u00f3n Civil, Carlos Mandujano V\u00e1zquez; el Instituto de la Defensor\u00eda P\u00fablica del Estado de Michoac\u00e1n, Rub\u00e9n Puebla Calder\u00f3n; el Instituto Estatal de Estudios Superiores en Seguridad y Profesionalizaci\u00f3n Policial, Jos\u00e9 Antonio Bernal Bustamante; la Junta Local de Conciliaci\u00f3n y Arbitraje, Hill Arturo del R\u00edo Ram\u00edrez; la Direcci\u00f3n de la Polic\u00eda Auxiliar, Jos\u00e9 Ortega Silva; la Secretar\u00eda Ejecutiva del Sistema Estatal Anticorrupci\u00f3n, Ernesto Ram\u00edrez, y la Secretar\u00eda Ejecutiva del Sistema Estatal de Protecci\u00f3n Integral de Ni\u00f1as, Ni\u00f1os y Adolescentes, Yolanda Equihua Equihua.<\/p>\n<p>&nbsp;<\/p>\n<p><img loading=\"lazy\" decoding=\"async\" class=\"\" src=\"http:\/\/michoacan.gob.mx\/wp-content\/uploads\/2018\/07\/6929089d-9cb1-44fb-8ffd-f13303c2b5de.jpeg\" width=\"401\" height=\"267\" \/><\/p>\n<p>&nbsp;<\/p>\n","protected":false},"excerpt":{"rendered":"<p>&nbsp; El Gobernador Constitucional, Silvano Aureoles encabeza reuni\u00f3n con integrantes del Gabinete de Gobierno, Seguridad y Justicia, a fin de fortalecer proyectos y acciones en base a los ejes del Plan de Desarrollo Estatal. Morelia, Michoac\u00e1n, a 6 de julio del 2018.-\u00a0El titular del Ejecutivo de Michoac\u00e1n, Silvano Aureoles Conejo, se reuni\u00f3 este viernes con [&hellip;]<\/p>\n","protected":false},"author":2,"featured_media":54882,"comment_status":"closed","ping_status":"closed","sticky":false,"template":"","format":"standard","meta":{"footnotes":""},"categories":[14,3,60],"tags":[],"class_list":["post-54881","post","type-post","status-publish","format-standard","has-post-thumbnail","hentry","category-destacadas","category-gobierno-del-estado-de-michoacan","category-michoacan"],"_links":{"self":[{"href":"https:\/\/radiowebmx.com\/nota\/wp-json\/wp\/v2\/posts\/54881","targetHints":{"allow":["GET"]}}],"collection":[{"href":"https:\/\/radiowebmx.com\/nota\/wp-json\/wp\/v2\/posts"}],"about":[{"href":"https:\/\/radiowebmx.com\/nota\/wp-json\/wp\/v2\/types\/post"}],"author":[{"embeddable":true,"href":"https:\/\/radiowebmx.com\/nota\/wp-json\/wp\/v2\/users\/2"}],"replies":[{"embeddable":true,"href":"https:\/\/radiowebmx.com\/nota\/wp-json\/wp\/v2\/comments?post=54881"}],"version-history":[{"count":1,"href":"https:\/\/radiowebmx.com\/nota\/wp-json\/wp\/v2\/posts\/54881\/revisions"}],"predecessor-version":[{"id":54883,"href":"https:\/\/radiowebmx.com\/nota\/wp-json\/wp\/v2\/posts\/54881\/revisions\/54883"}],"wp:featuredmedia":[{"embeddable":true,"href":"https:\/\/radiowebmx.com\/nota\/wp-json\/wp\/v2\/media\/54882"}],"wp:attachment":[{"href":"https:\/\/radiowebmx.com\/nota\/wp-json\/wp\/v2\/media?parent=54881"}],"wp:term":[{"taxonomy":"category","embeddable":true,"href":"https:\/\/radiowebmx.com\/nota\/wp-json\/wp\/v2\/categories?post=54881"},{"taxonomy":"post_tag","embeddable":true,"href":"https:\/\/radiowebmx.com\/nota\/wp-json\/wp\/v2\/tags?post=54881"}],"curies":[{"name":"wp","href":"https:\/\/api.w.org\/{rel}","templated":true}]}}