{"id":54878,"date":"2018-07-05T19:20:41","date_gmt":"2018-07-06T00:20:41","guid":{"rendered":"https:\/\/radiowebmx.com\/nota\/?p=54878"},"modified":"2018-07-09T11:47:46","modified_gmt":"2018-07-09T16:47:46","slug":"gobernador-y-sector-empresarial-dan-continuidad-a-agenda-comun-para-michoacan","status":"publish","type":"post","link":"https:\/\/radiowebmx.com\/nota\/gobernador-y-sector-empresarial-dan-continuidad-a-agenda-comun-para-michoacan\/","title":{"rendered":"Gobernador y sector empresarial dan continuidad a agenda com\u00fan para Michoac\u00e1n"},"content":{"rendered":"<p><img loading=\"lazy\" decoding=\"async\" class=\"\" src=\"http:\/\/michoacan.gob.mx\/wp-content\/uploads\/2018\/07\/4eed6512-b956-46e5-b913-b543abfc813b.jpeg\" width=\"399\" height=\"266\" \/><\/p>\n<p>&nbsp;<\/p>\n<ul>\n<li><strong>Pide el mandatario Silvano Aureoles redoblar esfuerzos en materia econ\u00f3mica para que el desarrollo de Michoac\u00e1n no se detenga.<\/strong><\/li>\n<\/ul>\n<p><strong>Morelia, Michoac\u00e1n, a 5 de julio de 2018.-<\/strong>\u00a0Dar continuidad a la agenda com\u00fan de proyectos que atraigan inversiones para mejorar las condiciones de Michoac\u00e1n de forma permanente, acordaron el Gobernador del Estado, Silvano Aureoles Conejo y representes del sector empresarial.<\/p>\n<p>Durante una reuni\u00f3n realizada en Casa de Gobierno, el mandatario michoacano intercambi\u00f3 puntos de vista con los hombres y mujeres l\u00edderes empresariales de la entidad.<\/p>\n<p>\u201cDebemos redoblar esfuerzos en materia econ\u00f3mica, cada quien desde nuestro \u00e1mbito de competencia, para dar continuidad a los proyectos que est\u00e1n funcionando y atrayendo inversiones\u201d, apunt\u00f3 el Gobernador Aureoles Conejo.<\/p>\n<p>Al respecto, el secretario de Desarrollo Econ\u00f3mico, Jes\u00fas Melgoza Vel\u00e1zquez, extern\u00f3 que la continuidad a proyectos de gran calado, como la Zona Econ\u00f3mica Especial (ZEE) de L\u00e1zaro C\u00e1rdenas- La Uni\u00f3n, ser\u00e1 indispensable para que se consoliden sin importar los cambios que se den en las administraciones federales y locales.<\/p>\n<p>\u201cLa Zona Econ\u00f3mica es la gran apuesta en materia de desarrollo econ\u00f3mico y tanto sector p\u00fablico como privado estamos coordinados para darle fuerza al proyecto\u201d, especific\u00f3.<\/p>\n<p>Al encuentro acudieron el presidente del Consejo Coordinador Empresarial del Estado de Michoac\u00e1n (CCEEM), Agust\u00edn Arriaga Diez; el titular de la C\u00e1mara Nacional de la Industria de Desarrollo y Promoci\u00f3n de Vivienda (Canadevi), delegaci\u00f3n Michoac\u00e1n, Raymundo L\u00f3pez Olvera; el presidente de la Canirac Michoac\u00e1n, Alejandro Hern\u00e1ndez Torres; la presidenta de Coparmex Michoac\u00e1n, Lydia Nava V\u00e1zquez, y el presidente de la Asociaci\u00f3n de Industriales del Estado de Michoac\u00e1n (AIEM), Ricardo Bernal Vargas.<\/p>\n<p>As\u00ed como los presidentes de la Canacintra Michoac\u00e1n, Abelardo P\u00e9rez Estrada; de la Canaco-Servytur Morelia, Luis Navarro Garc\u00eda; de la Asociaci\u00f3n Mexicana de Distribuci\u00f3n de Autom\u00f3viles (AMDA), Juan Pablo Arriaga Diez; de la Asociaci\u00f3n de Hoteles y Moteles del Estado (AHMEMAC), Juan Manuel Abud Mirabent; del Consejo Coordinador Empresarial de L\u00e1zaro C\u00e1rdenas, Alejandro Villag\u00f3mez Gonz\u00e1lez; de la CMIC Michoac\u00e1n y CMIC L\u00e1zaro C\u00e1rdenas, Jes\u00fas Antonio Mazier Contreras y Jos\u00e9 \u00c1ngel Villarino Parra, respectivamente, entre otras empresarias y empresarios, funcionarios y funcionarias de la Sedeco.<\/p>\n","protected":false},"excerpt":{"rendered":"<p>&nbsp; Pide el mandatario Silvano Aureoles redoblar esfuerzos en materia econ\u00f3mica para que el desarrollo de Michoac\u00e1n no se detenga. Morelia, Michoac\u00e1n, a 5 de julio de 2018.-\u00a0Dar continuidad a la agenda com\u00fan de proyectos que atraigan inversiones para mejorar las condiciones de Michoac\u00e1n de forma permanente, acordaron el Gobernador del Estado, Silvano Aureoles Conejo [&hellip;]<\/p>\n","protected":false},"author":2,"featured_media":54879,"comment_status":"closed","ping_status":"closed","sticky":false,"template":"","format":"standard","meta":{"footnotes":""},"categories":[14,3,60],"tags":[],"class_list":["post-54878","post","type-post","status-publish","format-standard","has-post-thumbnail","hentry","category-destacadas","category-gobierno-del-estado-de-michoacan","category-michoacan"],"_links":{"self":[{"href":"https:\/\/radiowebmx.com\/nota\/wp-json\/wp\/v2\/posts\/54878","targetHints":{"allow":["GET"]}}],"collection":[{"href":"https:\/\/radiowebmx.com\/nota\/wp-json\/wp\/v2\/posts"}],"about":[{"href":"https:\/\/radiowebmx.com\/nota\/wp-json\/wp\/v2\/types\/post"}],"author":[{"embeddable":true,"href":"https:\/\/radiowebmx.com\/nota\/wp-json\/wp\/v2\/users\/2"}],"replies":[{"embeddable":true,"href":"https:\/\/radiowebmx.com\/nota\/wp-json\/wp\/v2\/comments?post=54878"}],"version-history":[{"count":1,"href":"https:\/\/radiowebmx.com\/nota\/wp-json\/wp\/v2\/posts\/54878\/revisions"}],"predecessor-version":[{"id":54880,"href":"https:\/\/radiowebmx.com\/nota\/wp-json\/wp\/v2\/posts\/54878\/revisions\/54880"}],"wp:featuredmedia":[{"embeddable":true,"href":"https:\/\/radiowebmx.com\/nota\/wp-json\/wp\/v2\/media\/54879"}],"wp:attachment":[{"href":"https:\/\/radiowebmx.com\/nota\/wp-json\/wp\/v2\/media?parent=54878"}],"wp:term":[{"taxonomy":"category","embeddable":true,"href":"https:\/\/radiowebmx.com\/nota\/wp-json\/wp\/v2\/categories?post=54878"},{"taxonomy":"post_tag","embeddable":true,"href":"https:\/\/radiowebmx.com\/nota\/wp-json\/wp\/v2\/tags?post=54878"}],"curies":[{"name":"wp","href":"https:\/\/api.w.org\/{rel}","templated":true}]}}