{"id":54875,"date":"2018-07-07T19:49:56","date_gmt":"2018-07-08T00:49:56","guid":{"rendered":"https:\/\/radiowebmx.com\/nota\/?p=54875"},"modified":"2018-07-09T11:20:17","modified_gmt":"2018-07-09T16:20:17","slug":"gran-velada-en-el-teatro-ocampo-con-las-orquestas-y-coros-de-ninos-y-jovenes-de-michoacan","status":"publish","type":"post","link":"https:\/\/radiowebmx.com\/nota\/gran-velada-en-el-teatro-ocampo-con-las-orquestas-y-coros-de-ninos-y-jovenes-de-michoacan\/","title":{"rendered":"Gran velada en el Teatro Ocampo con las Orquestas y Coros de Ni\u00f1os y J\u00f3venes de Michoac\u00e1n"},"content":{"rendered":"<p>Morelia, Michoac\u00e1n.- La Secretar\u00eda de Cultura de Michoac\u00e1n (Secum), dependencia encabezada por Silvia Figueroa Zamudio abri\u00f3 las puertas del Teatro Ocampo para el concierto de verano realizado por las Orquestas y Coros de Ni\u00f1os y J\u00f3venes de Michoac\u00e1n.<\/p>\n<p>Cabe recordar que las Orquestas y Coros de Ni\u00f1os y J\u00f3venes de Michoac\u00e1n es un proyecto de la Secum, realizado durante el primer semestre del 2018. Su comunidad orquestal se integra por ni\u00f1as, ni\u00f1os y j\u00f3venes de Morelia y Ucareo; y tienen su sede de la Casa de la Cultura de Morelia.<\/p>\n<p>La apertura del concierto corri\u00f3 a cargo del Coro Comunitario de Santa Fe de la Laguna \u201c\u00c1ngela Dimas\u201d, perteneciente al Programa de M\u00fasica Tradicional Mexicana, del Sistema de Fomento Musical de la Secretar\u00eda de Cultura Federal, para posteriormente dar paso a las Orquestas y Coros de Ni\u00f1os y J\u00f3venes de Michoac\u00e1n.<\/p>\n<p>Las y los asistentes pudieron disfrutar por poco m\u00e1s de una hora temas como: \u201cFlor de canela\u201d, \u201cMale Consuelito\u201d, \u201cQu\u00e9 lindo Michoac\u00e1n\u201d, \u201cCielito lindo\u201d, \u201cLos viejitos\u201d, entre algunos otros, mientras algunas y algunos de los integrantes de las orquestas y coros, lucieron atuendos regionales.<\/p>\n<p>Desarrollado por la Direcci\u00f3n de Producci\u00f3n Art\u00edstica y Desarrollo Cultural de la dependencia estatal, este proyecto es parte importante de la pol\u00edtica cultural de la Secum, orientada a coadyuvar en el desarrollo de una educaci\u00f3n con calidad para la ni\u00f1ez y juventud michoacanas.<\/p>\n<p>Sus objetivos son: promover, asesorar e incentivar la fundaci\u00f3n y\/o producci\u00f3n y desarrollo de orquestas infantiles y juveniles, a fin de estimular la sensibilidad musical de las nuevas generaciones a trav\u00e9s de la actividad educacional de las y los j\u00f3venes maestros profesionales de la m\u00fasica que se han formado en Michoac\u00e1n.<\/p>\n","protected":false},"excerpt":{"rendered":"<p>Morelia, Michoac\u00e1n.- La Secretar\u00eda de Cultura de Michoac\u00e1n (Secum), dependencia encabezada por Silvia Figueroa Zamudio abri\u00f3 las puertas del Teatro Ocampo para el concierto de verano realizado por las Orquestas y Coros de Ni\u00f1os y J\u00f3venes de Michoac\u00e1n. Cabe recordar que las Orquestas y Coros de Ni\u00f1os y J\u00f3venes de Michoac\u00e1n es un proyecto de [&hellip;]<\/p>\n","protected":false},"author":2,"featured_media":54876,"comment_status":"closed","ping_status":"closed","sticky":false,"template":"","format":"standard","meta":{"footnotes":""},"categories":[14,3,60],"tags":[],"class_list":["post-54875","post","type-post","status-publish","format-standard","has-post-thumbnail","hentry","category-destacadas","category-gobierno-del-estado-de-michoacan","category-michoacan"],"_links":{"self":[{"href":"https:\/\/radiowebmx.com\/nota\/wp-json\/wp\/v2\/posts\/54875","targetHints":{"allow":["GET"]}}],"collection":[{"href":"https:\/\/radiowebmx.com\/nota\/wp-json\/wp\/v2\/posts"}],"about":[{"href":"https:\/\/radiowebmx.com\/nota\/wp-json\/wp\/v2\/types\/post"}],"author":[{"embeddable":true,"href":"https:\/\/radiowebmx.com\/nota\/wp-json\/wp\/v2\/users\/2"}],"replies":[{"embeddable":true,"href":"https:\/\/radiowebmx.com\/nota\/wp-json\/wp\/v2\/comments?post=54875"}],"version-history":[{"count":1,"href":"https:\/\/radiowebmx.com\/nota\/wp-json\/wp\/v2\/posts\/54875\/revisions"}],"predecessor-version":[{"id":54877,"href":"https:\/\/radiowebmx.com\/nota\/wp-json\/wp\/v2\/posts\/54875\/revisions\/54877"}],"wp:featuredmedia":[{"embeddable":true,"href":"https:\/\/radiowebmx.com\/nota\/wp-json\/wp\/v2\/media\/54876"}],"wp:attachment":[{"href":"https:\/\/radiowebmx.com\/nota\/wp-json\/wp\/v2\/media?parent=54875"}],"wp:term":[{"taxonomy":"category","embeddable":true,"href":"https:\/\/radiowebmx.com\/nota\/wp-json\/wp\/v2\/categories?post=54875"},{"taxonomy":"post_tag","embeddable":true,"href":"https:\/\/radiowebmx.com\/nota\/wp-json\/wp\/v2\/tags?post=54875"}],"curies":[{"name":"wp","href":"https:\/\/api.w.org\/{rel}","templated":true}]}}