{"id":54866,"date":"2018-07-09T09:49:15","date_gmt":"2018-07-09T14:49:15","guid":{"rendered":"https:\/\/radiowebmx.com\/nota\/?p=54866"},"modified":"2018-07-09T11:12:44","modified_gmt":"2018-07-09T16:12:44","slug":"por-falta-de-pago-trabajadores-toman-la-secretaria-de-salud","status":"publish","type":"post","link":"https:\/\/radiowebmx.com\/nota\/por-falta-de-pago-trabajadores-toman-la-secretaria-de-salud\/","title":{"rendered":"Por falta de pago, trabajadores toman la Secretar\u00eda de Salud"},"content":{"rendered":"<p>Morelia, Michoac\u00e1n.- Este d\u00eda integrantes del Sindicato de Trabajadores Descentralizados de los Servicios de Salud en Michoac\u00e1n (STDSSM) tomaron las instalaciones administrativas de la Secretar\u00eda de Salud en demanda de pagos atrasados.<\/p>\n<p>En la toma tambi\u00e9n participa el Sindicato Nacional de Trabajadores de la Secretar\u00eda\u00a0 de Salud (SNTSS).\u00a0 Los trabajadores colocaron mantas en las oficinas de Allende 505 en el Centro Hist\u00f3rico en las que apuntan \u201cExigimos a las autoridades el pago de nuestro salario y prestaciones en tiempo y forma\u201d.<\/p>\n<p>A los empleados del sector salud piden el pago de la segunda quincena de junio. Este d\u00eda, el gobierno del estado inform\u00f3 mediante un bolet\u00edn que est\u00e1 garantizado el pago a los trabajadores a m\u00e1s tardar el viernes de esta semana.<\/p>\n<p><img loading=\"lazy\" decoding=\"async\" class=\"\" src=\"https:\/\/www.mimorelia.com\/wp-content\/uploads\/2018\/07\/noticias\/09\/trabajadores-salud-toma-ACG.jpg\" width=\"400\" height=\"225\" \/><\/p>\n","protected":false},"excerpt":{"rendered":"<p>Morelia, Michoac\u00e1n.- Este d\u00eda integrantes del Sindicato de Trabajadores Descentralizados de los Servicios de Salud en Michoac\u00e1n (STDSSM) tomaron las instalaciones administrativas de la Secretar\u00eda de Salud en demanda de pagos atrasados. En la toma tambi\u00e9n participa el Sindicato Nacional de Trabajadores de la Secretar\u00eda\u00a0 de Salud (SNTSS).\u00a0 Los trabajadores colocaron mantas en las oficinas [&hellip;]<\/p>\n","protected":false},"author":2,"featured_media":54867,"comment_status":"closed","ping_status":"closed","sticky":false,"template":"","format":"standard","meta":{"footnotes":""},"categories":[14,3,60],"tags":[],"class_list":["post-54866","post","type-post","status-publish","format-standard","has-post-thumbnail","hentry","category-destacadas","category-gobierno-del-estado-de-michoacan","category-michoacan"],"_links":{"self":[{"href":"https:\/\/radiowebmx.com\/nota\/wp-json\/wp\/v2\/posts\/54866","targetHints":{"allow":["GET"]}}],"collection":[{"href":"https:\/\/radiowebmx.com\/nota\/wp-json\/wp\/v2\/posts"}],"about":[{"href":"https:\/\/radiowebmx.com\/nota\/wp-json\/wp\/v2\/types\/post"}],"author":[{"embeddable":true,"href":"https:\/\/radiowebmx.com\/nota\/wp-json\/wp\/v2\/users\/2"}],"replies":[{"embeddable":true,"href":"https:\/\/radiowebmx.com\/nota\/wp-json\/wp\/v2\/comments?post=54866"}],"version-history":[{"count":1,"href":"https:\/\/radiowebmx.com\/nota\/wp-json\/wp\/v2\/posts\/54866\/revisions"}],"predecessor-version":[{"id":54868,"href":"https:\/\/radiowebmx.com\/nota\/wp-json\/wp\/v2\/posts\/54866\/revisions\/54868"}],"wp:featuredmedia":[{"embeddable":true,"href":"https:\/\/radiowebmx.com\/nota\/wp-json\/wp\/v2\/media\/54867"}],"wp:attachment":[{"href":"https:\/\/radiowebmx.com\/nota\/wp-json\/wp\/v2\/media?parent=54866"}],"wp:term":[{"taxonomy":"category","embeddable":true,"href":"https:\/\/radiowebmx.com\/nota\/wp-json\/wp\/v2\/categories?post=54866"},{"taxonomy":"post_tag","embeddable":true,"href":"https:\/\/radiowebmx.com\/nota\/wp-json\/wp\/v2\/tags?post=54866"}],"curies":[{"name":"wp","href":"https:\/\/api.w.org\/{rel}","templated":true}]}}