{"id":54857,"date":"2018-07-08T15:45:57","date_gmt":"2018-07-08T20:45:57","guid":{"rendered":"https:\/\/radiowebmx.com\/nota\/?p=54857"},"modified":"2018-07-09T11:00:24","modified_gmt":"2018-07-09T16:00:24","slug":"se-dara-seguimiento-a-propuestas-del-6to-parlamento-juvenil-enrique-zepeda","status":"publish","type":"post","link":"https:\/\/radiowebmx.com\/nota\/se-dara-seguimiento-a-propuestas-del-6to-parlamento-juvenil-enrique-zepeda\/","title":{"rendered":"Se dar\u00e1 seguimiento a propuestas del 6to. Parlamento Juvenil: Enrique Zepeda"},"content":{"rendered":"<ul>\n<li class=\"x_gmail-MsoListParagraph\"><strong><span lang=\"ES-MX\">Fecha l\u00edmite de registro 10 de julio<\/span><\/strong><\/li>\n<\/ul>\n<p class=\"x_gmail-xmsonormal\"><b>\u00a0<\/b><\/p>\n<p class=\"x_MsoNormal\"><b><span lang=\"ES-MX\">Morelia; Michoac\u00e1n, 08 de julio de 2018<\/span><\/b><span lang=\"ES-MX\">.- Se buscar\u00e1 dar seguimiento a las propuestas que los j\u00f3venes integrantes del 6to. Parlamento Juvenil presenten en el mismo, ser\u00e1 tomada en cuenta su perspectiva de las diferentes problem\u00e1ticas y situaciones por las que atraviesa la entidad, refiri\u00f3 el diputado Enrique Zepeda, presidente del Comit\u00e9 Organizador del Parlamento Juvenil de Michoac\u00e1n.<\/span><\/p>\n<p class=\"x_MsoNormal\"><span lang=\"ES-MX\">El legislador, dijo esperar que m\u00e1s j\u00f3venes se interesen por participar en la edici\u00f3n 2018 y \u00a0que el sexto parlamento sea un referente para las pr\u00f3ximas ediciones; por ello, invit\u00f3 a los j\u00f3venes michoacanos o los que cuenten con residencia en el estado comprobable a participar por alguna de las dos modalidades, por iniciativa o proyecto social, y ser parte de este espacio que brinda la oportunidad de alzar la voz desde la m\u00e1xima tribuna del estado.<\/span><\/p>\n<p class=\"x_MsoNormal\"><span lang=\"ES-MX\">Asimismo, convoc\u00f3 a los j\u00f3venes de entre 18 y 29 a\u00f1os enfocar sus trabajos en temas como Desarrollo Social y Econ\u00f3mico; Medio Ambiente y Desarrollo Sustentable; Salud y Educaci\u00f3n; Migraci\u00f3n, Grupos Vulnerables e Ind\u00edgenas; Seguridad P\u00fablica y Cultura de la Paz; as\u00ed como Participaci\u00f3n Ciudadana.<\/span><\/p>\n<p class=\"x_MsoNormal\"><span lang=\"ES-MX\">Cabe destacar, que los interesados deber\u00e1n presentar su documentaci\u00f3n en las instalaciones del edificio conocido como \u201cLa Casona\u201d del Congreso del Estado en donde se ubican las oficinas del Instituto de Investigaciones y Estudios Legislativos del Congreso del Estado, ubicado en la Av. Morelos Norte, No. 82, colonia Centro de Morelia.<\/span><\/p>\n<p class=\"x_MsoNormal\"><span lang=\"ES-MX\">De igual forma se puede realizar el registro correspondiente por medio del correo\u00a0<a href=\"mailto:parlamentojuvenil6@gmail.com\" target=\"_blank\" rel=\"noopener noreferrer\" data-auth=\"NotApplicable\">parlamentojuvenil6@gmail.com<\/a>\u00a0direcci\u00f3n a la cual pueden enviar de manera adjunta los documentos escaneados.<\/span><\/p>\n<p class=\"x_MsoNormal\"><span lang=\"ES-MX\">La fecha l\u00edmite de registro es el pr\u00f3ximo martes 10 de julio, para mayores informes se pueden comunicar al tel\u00e9fono 317 16 14.\u00a0<\/span><\/p>\n","protected":false},"excerpt":{"rendered":"<p>Fecha l\u00edmite de registro 10 de julio \u00a0 Morelia; Michoac\u00e1n, 08 de julio de 2018.- Se buscar\u00e1 dar seguimiento a las propuestas que los j\u00f3venes integrantes del 6to. Parlamento Juvenil presenten en el mismo, ser\u00e1 tomada en cuenta su perspectiva de las diferentes problem\u00e1ticas y situaciones por las que atraviesa la entidad, refiri\u00f3 el diputado [&hellip;]<\/p>\n","protected":false},"author":2,"featured_media":54858,"comment_status":"closed","ping_status":"closed","sticky":false,"template":"","format":"standard","meta":{"footnotes":""},"categories":[6,14],"tags":[],"class_list":["post-54857","post","type-post","status-publish","format-standard","has-post-thumbnail","hentry","category-congreso-del-estado","category-destacadas"],"_links":{"self":[{"href":"https:\/\/radiowebmx.com\/nota\/wp-json\/wp\/v2\/posts\/54857","targetHints":{"allow":["GET"]}}],"collection":[{"href":"https:\/\/radiowebmx.com\/nota\/wp-json\/wp\/v2\/posts"}],"about":[{"href":"https:\/\/radiowebmx.com\/nota\/wp-json\/wp\/v2\/types\/post"}],"author":[{"embeddable":true,"href":"https:\/\/radiowebmx.com\/nota\/wp-json\/wp\/v2\/users\/2"}],"replies":[{"embeddable":true,"href":"https:\/\/radiowebmx.com\/nota\/wp-json\/wp\/v2\/comments?post=54857"}],"version-history":[{"count":1,"href":"https:\/\/radiowebmx.com\/nota\/wp-json\/wp\/v2\/posts\/54857\/revisions"}],"predecessor-version":[{"id":54859,"href":"https:\/\/radiowebmx.com\/nota\/wp-json\/wp\/v2\/posts\/54857\/revisions\/54859"}],"wp:featuredmedia":[{"embeddable":true,"href":"https:\/\/radiowebmx.com\/nota\/wp-json\/wp\/v2\/media\/54858"}],"wp:attachment":[{"href":"https:\/\/radiowebmx.com\/nota\/wp-json\/wp\/v2\/media?parent=54857"}],"wp:term":[{"taxonomy":"category","embeddable":true,"href":"https:\/\/radiowebmx.com\/nota\/wp-json\/wp\/v2\/categories?post=54857"},{"taxonomy":"post_tag","embeddable":true,"href":"https:\/\/radiowebmx.com\/nota\/wp-json\/wp\/v2\/tags?post=54857"}],"curies":[{"name":"wp","href":"https:\/\/api.w.org\/{rel}","templated":true}]}}