{"id":54854,"date":"2018-07-06T15:01:24","date_gmt":"2018-07-06T20:01:24","guid":{"rendered":"https:\/\/radiowebmx.com\/nota\/?p=54854"},"modified":"2018-07-09T10:53:06","modified_gmt":"2018-07-09T15:53:06","slug":"parlamento-juvenil-oportunidad-para-que-jovenes-se-expresen-enrique-zepeda","status":"publish","type":"post","link":"https:\/\/radiowebmx.com\/nota\/parlamento-juvenil-oportunidad-para-que-jovenes-se-expresen-enrique-zepeda\/","title":{"rendered":"Parlamento Juvenil oportunidad para que j\u00f3venes se expresen: Enrique Zepeda"},"content":{"rendered":"<ul>\n<li><strong>10 de julio fecha l\u00edmite de registro<\/strong><\/li>\n<\/ul>\n<p class=\"x_MsoNormal\"><b>Morelia; Michoac\u00e1n, 06 de julio de 2018<\/b>.-\u00a0\u00a0En la actualidad las redes sociales, se han convertido en el espacio de expresi\u00f3n m\u00e1s recurrido por el sector juvenil, el 28 por ciento de los j\u00f3venes considera que estas son la mejor v\u00eda para comunicar su descontento al gobierno; pero no s\u00f3lo a trav\u00e9s de la tecnolog\u00eda es como se puede dar a conocer sus necesidades, preocupaciones y problem\u00e1ticas, manifest\u00f3 el diputado Enrique Zepeda Ontiveros, quien invit\u00f3 a los j\u00f3venes a alzar la voz pero desde la m\u00e1xima tribuna del estado.<\/p>\n<p class=\"x_MsoNormal\">En este sentido, el diputado presidente del Comit\u00e9 Organizador del Parlamento Juvenil de Michoac\u00e1n record\u00f3 a los aspirantes que deseen participar en la sexta edici\u00f3n que tienen hasta el pr\u00f3ximo martes 10 de julio para realizar el registro correspondiente.<\/p>\n<p class=\"x_MsoNormal\">Zepeda Ontiveros, destac\u00f3 con datos del Instituto Nacional de Estad\u00edstica y Geograf\u00eda (INEGI), que el 19 por ciento de la poblaci\u00f3n juvenil considera que la manifestaci\u00f3n en las calles es el m\u00e9todo m\u00e1s \u00f3ptimo para expresarse. A lo que el legislador se\u00f1al\u00f3 que no s\u00f3lo a trav\u00e9s de las redes sociales o las marchas es como se puede hacer escuchar el sentir de los j\u00f3venes, existen opciones como el Parlamento Juvenil que es un espacio de participaci\u00f3n ciudadana en donde los j\u00f3venes pueden alzar la voz, y adem\u00e1s tener la posibilidad de trascender al convertirse su iniciativa o proyecto en una normativa para el estado.<\/p>\n<p class=\"x_MsoNormal\">Record\u00f3 que los interesados en ser parte de esta experiencia, y que cumplan con los requisitos establecidos en la convocatoria publicada, pueden realizar su registro a trav\u00e9s del correo electr\u00f3nico\u00a0<a href=\"mailto:parlamentojuvenil6@gmail.com\" target=\"_blank\" rel=\"noopener noreferrer\" data-auth=\"NotApplicable\">parlamentojuvenil6@gmail.com<\/a>\u00a0o bien de manera f\u00edsica en las oficinas del Instituto de Investigaciones y Estudios Legislativos, ubicadas en Av. Morelos Norte #82, esquina con Aquiles Serd\u00e1n, Centro Hist\u00f3rico, en la capital michoacana.<\/p>\n<p class=\"x_MsoNormal\">El legislador, resalt\u00f3 que para consultar las bases y requisitos, pueden visitar las redes sociales oficiales, en Facebook \u201cCongreso del Estado de Michoac\u00e1n\u201d, \u201cPoder Legislativo de Michoac\u00e1n\u201d y en Twetter @CongresoMich y en particular en la cuenta del Parlamento que lo pueden localizar en Facebook como \u201c6to Parlamento Juvenil\u201d.<\/p>\n<p class=\"x_MsoNormal\">Finalmente, el presidente del Comit\u00e9 Organizador precis\u00f3 que para participar es necesario registrarse por alguna de las modalidades establecidas, por concurso de iniciativa, en la que deber\u00e1n presentar una propuesta que plantee un nuevo marco jurado o reformas a uno existen en el \u00e1mbito estatal, que conlleve un beneficio social; y por proyecto social, en el que deber\u00e1n presentar una propuesta para resolver alg\u00fan problema de su municipio o del Estado, que propicie el bienestar econ\u00f3mico y social, y sobre todo, que contribuya a disminuir la marginaci\u00f3n.<\/p>\n","protected":false},"excerpt":{"rendered":"<p>10 de julio fecha l\u00edmite de registro Morelia; Michoac\u00e1n, 06 de julio de 2018.-\u00a0\u00a0En la actualidad las redes sociales, se han convertido en el espacio de expresi\u00f3n m\u00e1s recurrido por el sector juvenil, el 28 por ciento de los j\u00f3venes considera que estas son la mejor v\u00eda para comunicar su descontento al gobierno; pero no [&hellip;]<\/p>\n","protected":false},"author":2,"featured_media":54855,"comment_status":"closed","ping_status":"closed","sticky":false,"template":"","format":"standard","meta":{"footnotes":""},"categories":[6,14],"tags":[],"class_list":["post-54854","post","type-post","status-publish","format-standard","has-post-thumbnail","hentry","category-congreso-del-estado","category-destacadas"],"_links":{"self":[{"href":"https:\/\/radiowebmx.com\/nota\/wp-json\/wp\/v2\/posts\/54854","targetHints":{"allow":["GET"]}}],"collection":[{"href":"https:\/\/radiowebmx.com\/nota\/wp-json\/wp\/v2\/posts"}],"about":[{"href":"https:\/\/radiowebmx.com\/nota\/wp-json\/wp\/v2\/types\/post"}],"author":[{"embeddable":true,"href":"https:\/\/radiowebmx.com\/nota\/wp-json\/wp\/v2\/users\/2"}],"replies":[{"embeddable":true,"href":"https:\/\/radiowebmx.com\/nota\/wp-json\/wp\/v2\/comments?post=54854"}],"version-history":[{"count":1,"href":"https:\/\/radiowebmx.com\/nota\/wp-json\/wp\/v2\/posts\/54854\/revisions"}],"predecessor-version":[{"id":54856,"href":"https:\/\/radiowebmx.com\/nota\/wp-json\/wp\/v2\/posts\/54854\/revisions\/54856"}],"wp:featuredmedia":[{"embeddable":true,"href":"https:\/\/radiowebmx.com\/nota\/wp-json\/wp\/v2\/media\/54855"}],"wp:attachment":[{"href":"https:\/\/radiowebmx.com\/nota\/wp-json\/wp\/v2\/media?parent=54854"}],"wp:term":[{"taxonomy":"category","embeddable":true,"href":"https:\/\/radiowebmx.com\/nota\/wp-json\/wp\/v2\/categories?post=54854"},{"taxonomy":"post_tag","embeddable":true,"href":"https:\/\/radiowebmx.com\/nota\/wp-json\/wp\/v2\/tags?post=54854"}],"curies":[{"name":"wp","href":"https:\/\/api.w.org\/{rel}","templated":true}]}}