{"id":54848,"date":"2018-07-06T14:50:54","date_gmt":"2018-07-06T19:50:54","guid":{"rendered":"https:\/\/radiowebmx.com\/nota\/?p=54848"},"modified":"2018-07-09T10:48:47","modified_gmt":"2018-07-09T15:48:47","slug":"congreso-debera-garantizar-modelo-eficaz-en-materia-laboral-investigadores","status":"publish","type":"post","link":"https:\/\/radiowebmx.com\/nota\/congreso-debera-garantizar-modelo-eficaz-en-materia-laboral-investigadores\/","title":{"rendered":"Congreso deber\u00e1 garantizar modelo eficaz en materia laboral: investigadores"},"content":{"rendered":"<p><img loading=\"lazy\" decoding=\"async\" class=\"\" src=\"https:\/\/attachment.outlook.live.net\/owa\/ultrapolitica@hotmail.com\/service.svc\/s\/GetAttachmentThumbnail?id=AQMkADAwATYwMAItODMyNi00ODU0LTAwAi0wMAoARgAAA5HawHgQuq9DrqMPu%2BRLC5sHANRV7lYdW%2FpNtd2j%2BEW2swoAAAIBDAAAANRV7lYdW%2FpNtd2j%2BEW2swoAAoR%2B8KcAAAABEgAQAKwEhdzrmWJHkIC%2FLSF3GK8%3D&amp;thumbnailType=2&amp;X-OWA-CANARY=vW6VdTKLQUmsnrjDGiephwCABV-z5dUYo-WI6ZKCHEVjIkV9Zix3XaIkz3w1gwkIxueuY1mwe-8.&amp;token=eyJhbGciOiJSUzI1NiIsImtpZCI6IjA2MDBGOUY2NzQ2MjA3MzdFNzM0MDRFMjg3QzQ1QTgxOENCN0NFQjgiLCJ4NXQiOiJCZ0Q1OW5SaUJ6Zm5OQVRpaDhSYWdZeTN6cmciLCJ0eXAiOiJKV1QifQ.eyJ2ZXIiOiJFeGNoYW5nZS5DYWxsYmFjay5WMSIsImFwcGN0eHNlbmRlciI6Ik93YURvd25sb2FkQDg0ZGY5ZTdmLWU5ZjYtNDBhZi1iNDM1LWFhYWFhYWFhYWFhYSIsImFwcGN0eCI6IntcIm1zZXhjaHByb3RcIjpcIm93YVwiLFwicHJpbWFyeXNpZFwiOlwiUy0xLTI4MjctMzkzMjE2LTIyMDAzMjQxODBcIixcInB1aWRcIjpcIjE2ODg4NTIwNjA1ODgxMTZcIixcIm9pZFwiOlwiMDAwNjAwMDAtODMyNi00ODU0LTAwMDAtMDAwMDAwMDAwMDAwXCIsXCJzY29wZVwiOlwiT3dhRG93bmxvYWRcIn0iLCJuYmYiOjE1MzExNTEwNDUsImV4cCI6MTUzMTE1MTY0NSwiaXNzIjoiMDAwMDAwMDItMDAwMC0wZmYxLWNlMDAtMDAwMDAwMDAwMDAwQDg0ZGY5ZTdmLWU5ZjYtNDBhZi1iNDM1LWFhYWFhYWFhYWFhYSIsImF1ZCI6IjAwMDAwMDAyLTAwMDAtMGZmMS1jZTAwLTAwMDAwMDAwMDAwMC9hdHRhY2htZW50Lm91dGxvb2subGl2ZS5uZXRAODRkZjllN2YtZTlmNi00MGFmLWI0MzUtYWFhYWFhYWFhYWFhIn0.SEqgH_4RdMNgQtltH6KC6d5KSkAEo5hXpWsS7j6oo8NtJjoE4a34RtoRVHIY8CHm9fBI1fov0t_HLF7ic4pdmftV2gOpN7o04oRvO3-UuFyggf4aaap4gn0_PsRZ5_EtoBENg0nqPb0IYoz4fwUcY3rMI_SRWJYagD8JJX9cUYGHNZ8ajxcWNG1Kg4DJEMJzzASTeKg5Wc2V8KgLcrDk3RqE5KPQDECGLltUvqSAzMSUp8ZLT1Vp_an_3XAYRh7G0sYGYzXSzvybchDaEVt3uV3cYAGf7Ne94EPo1BuMRN7MmLSlNnvWKFaXfdudHkYUVfy8rAGqCebDY7GjxnHXfQ&amp;owa=outlook.live.com&amp;isc=1\" width=\"401\" height=\"267\" \/><\/p>\n<p>&nbsp;<\/p>\n<p class=\"x_MsoNormal\"><b>Morelia; Michoac\u00e1n, 6 de julio de 2018<\/b>.- La reforma constitucional en materia laboral aprobada en 2017, plantea diversos retos que se deber\u00e1n afrontar para garantizar los derechos de los trabajadores, pues existen diversos rubros cuya interpretaci\u00f3n es ambigua coincidieron los investigadores Vanessa de Jes\u00fas Guzm\u00e1n y Eduardo Rodr\u00edguez Ch\u00e1vez, al impartir la conferencia \u201cReforma Laboral en Materia Constitucional 2017\u201d.<\/p>\n<p class=\"x_MsoNormal\">Lo anterior, en el marco de la quinta sesi\u00f3n del Seminario \u201cPr\u00e1ctica Parlamentaria\u201d, organizado por el Instituto de Investigaciones y estudios Legislativos del Congreso del Estado (IEEL), en coordinaci\u00f3n con la Casa de la Cultura Jur\u00eddica de la Suprema Corte de Justicia de la Naci\u00f3n.<\/p>\n<p class=\"x_MsoNormal\">Durante su ponencia los disertantes hablaron de los retos que enfrentar\u00e1 el Congreso local, al tener la obligaci\u00f3n de homologar la norma constitucional federal con la estatal, en la que se establece la implementaci\u00f3n de un nuevo modelo de justicia laboral, en la cual se pondera la conciliaci\u00f3n como mecanismo fundamental para la resoluci\u00f3n de conflictos.<\/p>\n<p class=\"x_MsoNormal\">Al respecto, Eduardo Rodr\u00edguez Ch\u00e1vez destac\u00f3 que con la reforma constitucional en materia laboral publicada el 24 de febrero del 2017 en el Peri\u00f3dico Oficial de la Federaci\u00f3n, los congresos tienen la obligaci\u00f3n de homologar sus legislaciones con la norma federal, ejerciendo la rector\u00eda en la materia y dejando poco margen a las entidades federativas, para que sean adecuadas a sus propias necesidades y caracter\u00edsticas.<\/p>\n<p class=\"x_MsoNormal\">Agreg\u00f3 que con su aprobaci\u00f3n, el legislador trato de equilibrar las relaciones obrero-patronales, de una manera ambiciosa pero ambigua; por un lado, protege los derechos de los trabajadores, al tiempo que cambia y se ajusta a los est\u00e1ndares internacionales en la materia para dar certeza a los inversionistas.<\/p>\n<p class=\"x_MsoNormal\">En este sentido, la mayor novedad es la creaci\u00f3n de tribunales laborales integrados al Poder Judicial de la Federaci\u00f3n y a los poderes judiciales de las entidades federativas. De esta forma se extinguen las juntas de conciliaci\u00f3n y arbitraje, las cuales tienen hasta ahora una integraci\u00f3n tripartita, al ser representadas por los trabajadores, la parte patronal y el gobierno. Este modelo fue rebasado por la carga excesiva de trabajo de las juntas de conciliaci\u00f3n, que se traduce en conflictos largos y costosos, y mediante el cual, el Estado ejerce directamente mecanismos de control en materia laboral, indic\u00f3.<\/p>\n<p class=\"x_MsoNormal\">Por su parte, Vanessa de Jes\u00fas Guzm\u00e1n refiri\u00f3 que el decreto de reforma ordena que en cada entidad federativa se deber\u00e1n crear Centros de Conciliaci\u00f3n, que deber\u00e1n actuar bajo los principios de certeza, independencia, legalidad, imparcialidad y transparencia, que estar\u00e1n bajo la rector\u00eda del Estado, y en los que se espera dirimir la mayor parte de conflictos de manera r\u00e1pida, para evitar que los procesos se judicialicen.<\/p>\n<p class=\"x_MsoNormal\">Sin embargo, no explica que pasar\u00e1 con los trabajadores de las juntas de conciliaci\u00f3n, ni con el presupuesto que deber\u00e1 otorgarse al Poder Judicial para este prop\u00f3sito. Por lo tanto, el Congreso de Michoac\u00e1n deber\u00e1 estar atento a todos los aspectos de la reforma, para salvaguardar las ambig\u00fcedades y un garantizar un modelo eficaz y justo.<\/p>\n","protected":false},"excerpt":{"rendered":"<p>&nbsp; Morelia; Michoac\u00e1n, 6 de julio de 2018.- La reforma constitucional en materia laboral aprobada en 2017, plantea diversos retos que se deber\u00e1n afrontar para garantizar los derechos de los trabajadores, pues existen diversos rubros cuya interpretaci\u00f3n es ambigua coincidieron los investigadores Vanessa de Jes\u00fas Guzm\u00e1n y Eduardo Rodr\u00edguez Ch\u00e1vez, al impartir la conferencia \u201cReforma [&hellip;]<\/p>\n","protected":false},"author":2,"featured_media":54849,"comment_status":"closed","ping_status":"closed","sticky":false,"template":"","format":"standard","meta":{"footnotes":""},"categories":[6,14],"tags":[],"class_list":["post-54848","post","type-post","status-publish","format-standard","has-post-thumbnail","hentry","category-congreso-del-estado","category-destacadas"],"_links":{"self":[{"href":"https:\/\/radiowebmx.com\/nota\/wp-json\/wp\/v2\/posts\/54848","targetHints":{"allow":["GET"]}}],"collection":[{"href":"https:\/\/radiowebmx.com\/nota\/wp-json\/wp\/v2\/posts"}],"about":[{"href":"https:\/\/radiowebmx.com\/nota\/wp-json\/wp\/v2\/types\/post"}],"author":[{"embeddable":true,"href":"https:\/\/radiowebmx.com\/nota\/wp-json\/wp\/v2\/users\/2"}],"replies":[{"embeddable":true,"href":"https:\/\/radiowebmx.com\/nota\/wp-json\/wp\/v2\/comments?post=54848"}],"version-history":[{"count":1,"href":"https:\/\/radiowebmx.com\/nota\/wp-json\/wp\/v2\/posts\/54848\/revisions"}],"predecessor-version":[{"id":54850,"href":"https:\/\/radiowebmx.com\/nota\/wp-json\/wp\/v2\/posts\/54848\/revisions\/54850"}],"wp:featuredmedia":[{"embeddable":true,"href":"https:\/\/radiowebmx.com\/nota\/wp-json\/wp\/v2\/media\/54849"}],"wp:attachment":[{"href":"https:\/\/radiowebmx.com\/nota\/wp-json\/wp\/v2\/media?parent=54848"}],"wp:term":[{"taxonomy":"category","embeddable":true,"href":"https:\/\/radiowebmx.com\/nota\/wp-json\/wp\/v2\/categories?post=54848"},{"taxonomy":"post_tag","embeddable":true,"href":"https:\/\/radiowebmx.com\/nota\/wp-json\/wp\/v2\/tags?post=54848"}],"curies":[{"name":"wp","href":"https:\/\/api.w.org\/{rel}","templated":true}]}}