{"id":54845,"date":"2018-07-06T14:35:11","date_gmt":"2018-07-06T19:35:11","guid":{"rendered":"https:\/\/radiowebmx.com\/nota\/?p=54845"},"modified":"2018-07-09T10:47:41","modified_gmt":"2018-07-09T15:47:41","slug":"debemos-evitar-la-discriminacion-de-los-adultos-mayores-roberto-maldonado","status":"publish","type":"post","link":"https:\/\/radiowebmx.com\/nota\/debemos-evitar-la-discriminacion-de-los-adultos-mayores-roberto-maldonado\/","title":{"rendered":"Debemos evitar la discriminaci\u00f3n de los adultos mayores: Roberto Maldonado"},"content":{"rendered":"<ul>\n<li class=\"x_gmail-MsoListParagraph\"><strong>Present\u00f3 la iniciativa que reforma diversos aspectos de la Ley de Protecci\u00f3n Integral a las Personas Adultas Mayores del Estado<\/strong><\/li>\n<\/ul>\n<p class=\"x_MsoNormal\"><b>Morelia; Michoac\u00e1n, 06 de julio de 2018<\/b>.- Como representantes populares tenemos la obligaci\u00f3n de cerciorarnos de que nuestras leyes no discriminen a las personas por su edad, salud, orientaci\u00f3n sexual y su identidad de g\u00e9nero; a la par es necesario trabajar en pol\u00edticas de sensibilizaci\u00f3n y de prevenci\u00f3n que logren garantizar mejores condiciones sociales y de salud para los adultos mayores.<\/p>\n<p class=\"x_MsoNormal\">As\u00ed lo afirm\u00f3 el diputado pri\u00edsta, Roberto Maldonado Hinojosa, quien present\u00f3 la iniciativa para reformar la fracci\u00f3n II y adicionar la fracci\u00f3n XIII del art\u00edculo 2, as\u00ed como la fracci\u00f3n VII del art\u00edculo 8 de la Ley de Protecci\u00f3n Integral a las Personas Adultas Mayores del Estado de Michoac\u00e1n de Ocampo.<\/p>\n<p class=\"x_MsoNormal\">En su propuesta se\u00f1ala que la orientaci\u00f3n sexual tambi\u00e9n se debe tomar en cuenta para lograr dar una atenci\u00f3n integral a los adultos mayores, es decir que no solo es necesario satisfacer sus necesidades f\u00edsicas, materiales, biol\u00f3gicas, emocionales, sociales, laborales, culturales, recreativas, productivas y espirituales de las personas adultas mayores con el fin de facilitarles una vejez plena y sana, sino que tambi\u00e9n se deben considerar sus h\u00e1bitos, capacidades funcionales, usos, costumbres, preferencias y orientaci\u00f3n sexual e identidad de g\u00e9nero.<\/p>\n<p class=\"x_MsoNormal\">A la par estipula que toda distinci\u00f3n, exclusi\u00f3n o restricci\u00f3n que, basada en el origen \u00e9tnico o nacional, sexo, edad, talla peque\u00f1a, discapacidad, condici\u00f3n social o econ\u00f3mica, condiciones de salud, embarazo, lengua, religi\u00f3n, opiniones, orientaci\u00f3n sexual e identidad de g\u00e9nero, estado civil o cualquier otra, tenga por efecto impedir o anular el reconocimiento o el ejercicio de los derechos y la igualdad real de oportunidades de las personas ser\u00e1 considerada discriminaci\u00f3n.<\/p>\n<p class=\"x_MsoNormal\">\u201cPara considerar, las condiciones de salud de la poblaci\u00f3n adulta mayor y su paulatino deterioro natural por la edad o por causa de enfermedades cr\u00f3nico-degenerativas o discapacidad, representan un gran reto para los sistemas de salud, por lo que se requiere del dise\u00f1o e instrumentaci\u00f3n de pol\u00edticas p\u00fablicas y programas espec\u00edficos para su cuidado y atenci\u00f3n, que tomen en cuenta las diferencias entre mujeres, hombres y poblaci\u00f3n LGBTI, lo mismo que las crecientes necesidades de cuidado y servicios de salud, en un marco de corresponsabilidad que involucre a diversos actores sociales\u201d, concluy\u00f3.<\/p>\n","protected":false},"excerpt":{"rendered":"<p>Present\u00f3 la iniciativa que reforma diversos aspectos de la Ley de Protecci\u00f3n Integral a las Personas Adultas Mayores del Estado Morelia; Michoac\u00e1n, 06 de julio de 2018.- Como representantes populares tenemos la obligaci\u00f3n de cerciorarnos de que nuestras leyes no discriminen a las personas por su edad, salud, orientaci\u00f3n sexual y su identidad de g\u00e9nero; [&hellip;]<\/p>\n","protected":false},"author":2,"featured_media":54846,"comment_status":"closed","ping_status":"closed","sticky":false,"template":"","format":"standard","meta":{"footnotes":""},"categories":[6,14],"tags":[],"class_list":["post-54845","post","type-post","status-publish","format-standard","has-post-thumbnail","hentry","category-congreso-del-estado","category-destacadas"],"_links":{"self":[{"href":"https:\/\/radiowebmx.com\/nota\/wp-json\/wp\/v2\/posts\/54845","targetHints":{"allow":["GET"]}}],"collection":[{"href":"https:\/\/radiowebmx.com\/nota\/wp-json\/wp\/v2\/posts"}],"about":[{"href":"https:\/\/radiowebmx.com\/nota\/wp-json\/wp\/v2\/types\/post"}],"author":[{"embeddable":true,"href":"https:\/\/radiowebmx.com\/nota\/wp-json\/wp\/v2\/users\/2"}],"replies":[{"embeddable":true,"href":"https:\/\/radiowebmx.com\/nota\/wp-json\/wp\/v2\/comments?post=54845"}],"version-history":[{"count":1,"href":"https:\/\/radiowebmx.com\/nota\/wp-json\/wp\/v2\/posts\/54845\/revisions"}],"predecessor-version":[{"id":54847,"href":"https:\/\/radiowebmx.com\/nota\/wp-json\/wp\/v2\/posts\/54845\/revisions\/54847"}],"wp:featuredmedia":[{"embeddable":true,"href":"https:\/\/radiowebmx.com\/nota\/wp-json\/wp\/v2\/media\/54846"}],"wp:attachment":[{"href":"https:\/\/radiowebmx.com\/nota\/wp-json\/wp\/v2\/media?parent=54845"}],"wp:term":[{"taxonomy":"category","embeddable":true,"href":"https:\/\/radiowebmx.com\/nota\/wp-json\/wp\/v2\/categories?post=54845"},{"taxonomy":"post_tag","embeddable":true,"href":"https:\/\/radiowebmx.com\/nota\/wp-json\/wp\/v2\/tags?post=54845"}],"curies":[{"name":"wp","href":"https:\/\/api.w.org\/{rel}","templated":true}]}}