{"id":54834,"date":"2018-07-07T17:53:05","date_gmt":"2018-07-07T22:53:05","guid":{"rendered":"https:\/\/radiowebmx.com\/nota\/?p=54834"},"modified":"2018-07-09T10:38:06","modified_gmt":"2018-07-09T15:38:06","slug":"egresan-75-tecnicos-forestales-del-cecfor-michoacan","status":"publish","type":"post","link":"https:\/\/radiowebmx.com\/nota\/egresan-75-tecnicos-forestales-del-cecfor-michoacan\/","title":{"rendered":"Egresan 75 t\u00e9cnicos forestales del CECFOR Michoac\u00e1n"},"content":{"rendered":"<p><img loading=\"lazy\" decoding=\"async\" class=\"\" src=\"https:\/\/attachment.outlook.live.net\/owa\/radiowebb@hotmail.com\/service.svc\/s\/GetAttachmentThumbnail?id=AQMkADAwATY0MDABLTk4MTctN2M1YS0wMAItMDAKAEYAAAOOW0aEhSUfTpTeQ3RRo4dLBwDbNPbMXMQTTr8HPYjb7YmwAAACAQwAAADbNPbMXMQTTr8HPYjb7YmwAAJVA3PpAAAAARIAEAAyD8qXE9GpSLYBF%2FykNpgC&amp;thumbnailType=2&amp;X-OWA-CANARY=Ye3M8KGv00KbgoAFPSQ8d-BKHLWx5dUYEKuTKnzTxRYNE6pAf8aFqkJeibxrOqRzJeIzZMCMFPQ.&amp;token=eyJhbGciOiJSUzI1NiIsImtpZCI6IjA2MDBGOUY2NzQ2MjA3MzdFNzM0MDRFMjg3QzQ1QTgxOENCN0NFQjgiLCJ4NXQiOiJCZ0Q1OW5SaUJ6Zm5OQVRpaDhSYWdZeTN6cmciLCJ0eXAiOiJKV1QifQ.eyJ2ZXIiOiJFeGNoYW5nZS5DYWxsYmFjay5WMSIsImFwcGN0eHNlbmRlciI6Ik93YURvd25sb2FkQDg0ZGY5ZTdmLWU5ZjYtNDBhZi1iNDM1LWFhYWFhYWFhYWFhYSIsImFwcGN0eCI6IntcIm1zZXhjaHByb3RcIjpcIm93YVwiLFwicHJpbWFyeXNpZFwiOlwiUy0xLTI4MjctNDA5NjAwLTI1NTE2NzU5OTRcIixcInB1aWRcIjpcIjE3NTkyMjExNTYxMTc1OTRcIixcIm9pZFwiOlwiMDAwNjQwMDAtOTgxNy03YzVhLTAwMDAtMDAwMDAwMDAwMDAwXCIsXCJzY29wZVwiOlwiT3dhRG93bmxvYWRcIn0iLCJuYmYiOjE1MzExNTAzNDAsImV4cCI6MTUzMTE1MDk0MCwiaXNzIjoiMDAwMDAwMDItMDAwMC0wZmYxLWNlMDAtMDAwMDAwMDAwMDAwQDg0ZGY5ZTdmLWU5ZjYtNDBhZi1iNDM1LWFhYWFhYWFhYWFhYSIsImF1ZCI6IjAwMDAwMDAyLTAwMDAtMGZmMS1jZTAwLTAwMDAwMDAwMDAwMC9hdHRhY2htZW50Lm91dGxvb2subGl2ZS5uZXRAODRkZjllN2YtZTlmNi00MGFmLWI0MzUtYWFhYWFhYWFhYWFhIn0.nUnAldibEOi6b6o3OCEgLkY3KKgImH4jWlMKlZLnfzqWa_PGVBEND051umEDp9drisGrkH1VfS9Z4YZzzMEj9WabUBT-khnOMmYui1qdFbUJEtcrDl5ImiHfICjpLHs22QkCyRWb9iCihhtybwJOm0AprdaxK8YRBPqgednc-UnAOe8E1XhbRsZ1JjLy_ge2Lx89aATQNthinM9mhY7oqIpf8wMYVn8nF11wC41-5mtUBo3CaiiohuFnVYXgUKTNUCOdNXOv7U6WHH802gLX0L5_NXQEpQx3r9HwCGqWgkAVmqUgZVDroNNWltwNzIenikbPLS9L4ja22OiO9WSgJg&amp;owa=outlook.live.com&amp;isc=1\" width=\"404\" height=\"269\" \/><\/p>\n<p>&nbsp;<\/p>\n<p><strong>\u2022 Se gradu\u00f3 la generaci\u00f3n n\u00famero 66 del CECFOR 1.<\/strong><\/p>\n<p>Un total de 75 alumnos del Centro de Educaci\u00f3n y Capacitaci\u00f3n Forestal (CECFOR), plantel Dr. Manuel Mart\u00ednez Sol\u00f3rzano, ubicado en Uruapan Michoac\u00e1n, se graduaron como t\u00e9cnicos forestales.<\/p>\n<p>La generaci\u00f3n n\u00famero 66 est\u00e1 conformada por 20 mujeres y 55 hombres, quienes obtuvieron los conocimientos para responder a las necesidades de protecci\u00f3n, fomento, aprovechamiento y manejo sostenible de los recursos naturales.<\/p>\n<p>\u201cPara la Comisi\u00f3n Nacional Forestal cada a\u00f1o es motivo de satisfacci\u00f3n la graduaci\u00f3n de nuevas generaciones de t\u00e9cnicos forestales en cada uno de nuestros cuatro centros, seguros de que los egresados cuentan con una formaci\u00f3n de alta calidad, que los hace claramente competitivos\u201d, comparti\u00f3 el director general de la CONAFOR, Arturo Beltr\u00e1n Retis, quien fue el padrino de la generaci\u00f3n.<\/p>\n<p>Tras concluir la carrera t\u00e9cnica, cuya duraci\u00f3n es de tres a\u00f1os, los graduados contar\u00e1n con un certificado de bachillerato que les permitir\u00e1 continuar con sus estudios universitarios.<\/p>\n<p>\u201cUstedes ya cuentan con un t\u00edtulo y con la posibilidad acad\u00e9mica para continuar estudios universitarios; algunos de ustedes est\u00e1n en proceso de la certificaci\u00f3n de competencias laborales y otros cuentan con experiencia en iniciativas como J\u00f3venes Emprendedores, que promueve la visi\u00f3n empresarial\u201d, explic\u00f3 el director general de la CONAFOR, durante la ceremonia.<\/p>\n<p>Los egresados provienen de 14 estados del pa\u00eds como Quer\u00e9taro, Chiapas, Guerrero, Estado de M\u00e9xico, Nayarit, Colima, Guanajuato, Puebla, Sonora y Quintana Roo.<\/p>\n<p>En el CECFOR 1 se han formado 2 mil 492 j\u00f3venes, quienes han aportado soluciones de conservaci\u00f3n ambiental a zonas forestales de sus comunidades<\/p>\n<p>&nbsp;<\/p>\n<p><img loading=\"lazy\" decoding=\"async\" class=\"\" src=\"https:\/\/attachment.outlook.live.net\/owa\/radiowebb@hotmail.com\/service.svc\/s\/GetAttachmentThumbnail?id=AQMkADAwATY0MDABLTk4MTctN2M1YS0wMAItMDAKAEYAAAOOW0aEhSUfTpTeQ3RRo4dLBwDbNPbMXMQTTr8HPYjb7YmwAAACAQwAAADbNPbMXMQTTr8HPYjb7YmwAAJVA3PpAAAAARIAEAALws00Qx5jQZlsIgk8HUgO&amp;thumbnailType=2&amp;X-OWA-CANARY=Ye3M8KGv00KbgoAFPSQ8d-BKHLWx5dUYEKuTKnzTxRYNE6pAf8aFqkJeibxrOqRzJeIzZMCMFPQ.&amp;token=eyJhbGciOiJSUzI1NiIsImtpZCI6IjA2MDBGOUY2NzQ2MjA3MzdFNzM0MDRFMjg3QzQ1QTgxOENCN0NFQjgiLCJ4NXQiOiJCZ0Q1OW5SaUJ6Zm5OQVRpaDhSYWdZeTN6cmciLCJ0eXAiOiJKV1QifQ.eyJ2ZXIiOiJFeGNoYW5nZS5DYWxsYmFjay5WMSIsImFwcGN0eHNlbmRlciI6Ik93YURvd25sb2FkQDg0ZGY5ZTdmLWU5ZjYtNDBhZi1iNDM1LWFhYWFhYWFhYWFhYSIsImFwcGN0eCI6IntcIm1zZXhjaHByb3RcIjpcIm93YVwiLFwicHJpbWFyeXNpZFwiOlwiUy0xLTI4MjctNDA5NjAwLTI1NTE2NzU5OTRcIixcInB1aWRcIjpcIjE3NTkyMjExNTYxMTc1OTRcIixcIm9pZFwiOlwiMDAwNjQwMDAtOTgxNy03YzVhLTAwMDAtMDAwMDAwMDAwMDAwXCIsXCJzY29wZVwiOlwiT3dhRG93bmxvYWRcIn0iLCJuYmYiOjE1MzExNTAzNDAsImV4cCI6MTUzMTE1MDk0MCwiaXNzIjoiMDAwMDAwMDItMDAwMC0wZmYxLWNlMDAtMDAwMDAwMDAwMDAwQDg0ZGY5ZTdmLWU5ZjYtNDBhZi1iNDM1LWFhYWFhYWFhYWFhYSIsImF1ZCI6IjAwMDAwMDAyLTAwMDAtMGZmMS1jZTAwLTAwMDAwMDAwMDAwMC9hdHRhY2htZW50Lm91dGxvb2subGl2ZS5uZXRAODRkZjllN2YtZTlmNi00MGFmLWI0MzUtYWFhYWFhYWFhYWFhIn0.nUnAldibEOi6b6o3OCEgLkY3KKgImH4jWlMKlZLnfzqWa_PGVBEND051umEDp9drisGrkH1VfS9Z4YZzzMEj9WabUBT-khnOMmYui1qdFbUJEtcrDl5ImiHfICjpLHs22QkCyRWb9iCihhtybwJOm0AprdaxK8YRBPqgednc-UnAOe8E1XhbRsZ1JjLy_ge2Lx89aATQNthinM9mhY7oqIpf8wMYVn8nF11wC41-5mtUBo3CaiiohuFnVYXgUKTNUCOdNXOv7U6WHH802gLX0L5_NXQEpQx3r9HwCGqWgkAVmqUgZVDroNNWltwNzIenikbPLS9L4ja22OiO9WSgJg&amp;owa=outlook.live.com&amp;isc=1\" width=\"399\" height=\"266\" \/><\/p>\n","protected":false},"excerpt":{"rendered":"<p>&nbsp; \u2022 Se gradu\u00f3 la generaci\u00f3n n\u00famero 66 del CECFOR 1. Un total de 75 alumnos del Centro de Educaci\u00f3n y Capacitaci\u00f3n Forestal (CECFOR), plantel Dr. Manuel Mart\u00ednez Sol\u00f3rzano, ubicado en Uruapan Michoac\u00e1n, se graduaron como t\u00e9cnicos forestales. La generaci\u00f3n n\u00famero 66 est\u00e1 conformada por 20 mujeres y 55 hombres, quienes obtuvieron los conocimientos para [&hellip;]<\/p>\n","protected":false},"author":2,"featured_media":54835,"comment_status":"closed","ping_status":"closed","sticky":false,"template":"","format":"standard","meta":{"footnotes":""},"categories":[14,60],"tags":[],"class_list":["post-54834","post","type-post","status-publish","format-standard","has-post-thumbnail","hentry","category-destacadas","category-michoacan"],"_links":{"self":[{"href":"https:\/\/radiowebmx.com\/nota\/wp-json\/wp\/v2\/posts\/54834","targetHints":{"allow":["GET"]}}],"collection":[{"href":"https:\/\/radiowebmx.com\/nota\/wp-json\/wp\/v2\/posts"}],"about":[{"href":"https:\/\/radiowebmx.com\/nota\/wp-json\/wp\/v2\/types\/post"}],"author":[{"embeddable":true,"href":"https:\/\/radiowebmx.com\/nota\/wp-json\/wp\/v2\/users\/2"}],"replies":[{"embeddable":true,"href":"https:\/\/radiowebmx.com\/nota\/wp-json\/wp\/v2\/comments?post=54834"}],"version-history":[{"count":1,"href":"https:\/\/radiowebmx.com\/nota\/wp-json\/wp\/v2\/posts\/54834\/revisions"}],"predecessor-version":[{"id":54836,"href":"https:\/\/radiowebmx.com\/nota\/wp-json\/wp\/v2\/posts\/54834\/revisions\/54836"}],"wp:featuredmedia":[{"embeddable":true,"href":"https:\/\/radiowebmx.com\/nota\/wp-json\/wp\/v2\/media\/54835"}],"wp:attachment":[{"href":"https:\/\/radiowebmx.com\/nota\/wp-json\/wp\/v2\/media?parent=54834"}],"wp:term":[{"taxonomy":"category","embeddable":true,"href":"https:\/\/radiowebmx.com\/nota\/wp-json\/wp\/v2\/categories?post=54834"},{"taxonomy":"post_tag","embeddable":true,"href":"https:\/\/radiowebmx.com\/nota\/wp-json\/wp\/v2\/tags?post=54834"}],"curies":[{"name":"wp","href":"https:\/\/api.w.org\/{rel}","templated":true}]}}