{"id":54827,"date":"2018-07-07T18:03:14","date_gmt":"2018-07-07T23:03:14","guid":{"rendered":"https:\/\/radiowebmx.com\/nota\/?p=54827"},"modified":"2018-07-09T10:23:38","modified_gmt":"2018-07-09T15:23:38","slug":"imde-ijum-y-colegio-de-morelia-con-oferta-de-cursos-y-talleres-este-verano","status":"publish","type":"post","link":"https:\/\/radiowebmx.com\/nota\/imde-ijum-y-colegio-de-morelia-con-oferta-de-cursos-y-talleres-este-verano\/","title":{"rendered":"IMDE, IJUM Y Colegio de Morelia, con oferta de cursos y talleres este verano"},"content":{"rendered":"<ul>\n<li><strong>\u00c1mbitos deportivos, culturales y art\u00edsticos son algunas de las variedades que se ofrecen durante esta temporada vacacional.<\/strong><\/li>\n<\/ul>\n<div><\/div>\n<div>Con la finalidad\u00a0 de brindarle una variedad de actividades a la ciudadan\u00eda para su desarrollo y convivencia, el Ayuntamiento de Morelia a trav\u00e9s de algunas de sus dependencias pone a la disposici\u00f3n de ni\u00f1os, j\u00f3venes y adultos, diversos cursos y talleres durante la pr\u00f3xima temporada vacacional de verano.<\/p>\n<p>En este sentido el Instituto Municipal de Cultura F\u00edsica y Deporte de Morelia (IMDE) abrir\u00e1 las puertas de sus tres complejos acu\u00e1ticos que son el Morelos INDECO, Villa Magna y Bicentenario para ofrecer el curso de nataci\u00f3n 2018, que se realizar\u00e1 del 23 de julio hasta al 10 de agosto.<\/p>\n<p>Dicho curso se ofrecer\u00e1 en los niveles principiante, intermedio y avanzado en todos los complejos, en los cuales tambi\u00e9n se podr\u00e1n realizar las inscripciones al presentar la ficha de inscripci\u00f3n, certificado m\u00e9dico del IMDE y comprobante de pago.<\/p>\n<p>Por otra parte, el Instituto de la Juventud Moreliana (IJUM) brindar\u00e1 talleres para ni\u00f1os y j\u00f3venes del nueve de julio al 12 de agosto en actividades como Danza Polinesia, Yoga, Danza Urbana Humec, Capoeira, Kendo, Teatro, Danza \u00c1rea, Percusiones, Ceba, Canto y M\u00fasica, Reposter\u00eda, Danza de Vientre Tribal, Salsa, Bomb\u00f3n y Gelatina.<\/p>\n<p>Dichas actividades ser\u00e1n impartidas en las instalaciones del IJUM ubicadas en la Avenida Periodismo S\/N Colonia Nueva Valladolid, en donde tambi\u00e9n se recibir\u00e1n las inscripciones de los interesados durante las dos primeras semanas de julio en un horario de 8:30 a 16:30 horas.<\/p>\n<p>En tanto que el Colegio de Morelia impartir\u00e1 \u201cTecnodivertido\u201d, un taller orientado a ni\u00f1os y ni\u00f1as de siete a 12 a\u00f1os, cuya inscripci\u00f3n es gratuita y con el que se busca involucrar a los menores en actividades l\u00fadicas relacionadas con la tecnolog\u00eda mediante la fotograf\u00eda, ajedrez, arte, programaci\u00f3n (Lenguaje Scratch) y estudio de producci\u00f3n de cine y tv.<\/p>\n<p>\u201cTecnodivertido\u201d ser\u00e1 impartido en las instalaciones del Colegio de las inscripciones en un horario de 9:00 a 14:00 horas de lunes a viernes, hasta el pr\u00f3ximo 15 de julio, en tanto que para quienes deseen obtener m\u00e1s informaci\u00f3n se encuentra disponible el tel\u00e9fono 2 98 25 60 y el portal www.colegiodemorelia.gob.mx<\/p><\/div>\n<div><img loading=\"lazy\" decoding=\"async\" class=\"\" src=\"https:\/\/gallery.mailchimp.com\/4006ac058ed166735585eb757\/images\/fb064e04-07d9-4e9f-8701-4e90b02807fb.jpg\" width=\"400\" height=\"610\" \/><\/div>\n","protected":false},"excerpt":{"rendered":"<p>\u00c1mbitos deportivos, culturales y art\u00edsticos son algunas de las variedades que se ofrecen durante esta temporada vacacional. Con la finalidad\u00a0 de brindarle una variedad de actividades a la ciudadan\u00eda para su desarrollo y convivencia, el Ayuntamiento de Morelia a trav\u00e9s de algunas de sus dependencias pone a la disposici\u00f3n de ni\u00f1os, j\u00f3venes y adultos, diversos [&hellip;]<\/p>\n","protected":false},"author":2,"featured_media":54828,"comment_status":"closed","ping_status":"closed","sticky":false,"template":"","format":"standard","meta":{"footnotes":""},"categories":[14,60,9],"tags":[],"class_list":["post-54827","post","type-post","status-publish","format-standard","has-post-thumbnail","hentry","category-destacadas","category-michoacan","category-morelia"],"_links":{"self":[{"href":"https:\/\/radiowebmx.com\/nota\/wp-json\/wp\/v2\/posts\/54827","targetHints":{"allow":["GET"]}}],"collection":[{"href":"https:\/\/radiowebmx.com\/nota\/wp-json\/wp\/v2\/posts"}],"about":[{"href":"https:\/\/radiowebmx.com\/nota\/wp-json\/wp\/v2\/types\/post"}],"author":[{"embeddable":true,"href":"https:\/\/radiowebmx.com\/nota\/wp-json\/wp\/v2\/users\/2"}],"replies":[{"embeddable":true,"href":"https:\/\/radiowebmx.com\/nota\/wp-json\/wp\/v2\/comments?post=54827"}],"version-history":[{"count":1,"href":"https:\/\/radiowebmx.com\/nota\/wp-json\/wp\/v2\/posts\/54827\/revisions"}],"predecessor-version":[{"id":54829,"href":"https:\/\/radiowebmx.com\/nota\/wp-json\/wp\/v2\/posts\/54827\/revisions\/54829"}],"wp:featuredmedia":[{"embeddable":true,"href":"https:\/\/radiowebmx.com\/nota\/wp-json\/wp\/v2\/media\/54828"}],"wp:attachment":[{"href":"https:\/\/radiowebmx.com\/nota\/wp-json\/wp\/v2\/media?parent=54827"}],"wp:term":[{"taxonomy":"category","embeddable":true,"href":"https:\/\/radiowebmx.com\/nota\/wp-json\/wp\/v2\/categories?post=54827"},{"taxonomy":"post_tag","embeddable":true,"href":"https:\/\/radiowebmx.com\/nota\/wp-json\/wp\/v2\/tags?post=54827"}],"curies":[{"name":"wp","href":"https:\/\/api.w.org\/{rel}","templated":true}]}}