{"id":54819,"date":"2018-07-06T10:59:46","date_gmt":"2018-07-06T15:59:46","guid":{"rendered":"https:\/\/radiowebmx.com\/nota\/?p=54819"},"modified":"2018-07-06T12:10:32","modified_gmt":"2018-07-06T17:10:32","slug":"rostros-conocidos-ellos-son-los-plurinominales-que-llegan-al-senado","status":"publish","type":"post","link":"https:\/\/radiowebmx.com\/nota\/rostros-conocidos-ellos-son-los-plurinominales-que-llegan-al-senado\/","title":{"rendered":"Rostros conocidos&#8230; ellos son los plurinominales que llegan al Senado"},"content":{"rendered":"<p><img loading=\"lazy\" decoding=\"async\" class=\"\" src=\"https:\/\/img-s-msn-com.akamaized.net\/tenant\/amp\/entityid\/AAzE7c1.img?h=135&amp;w=270&amp;m=6&amp;q=60&amp;o=f&amp;l=f&amp;x=302&amp;y=131\" alt=\"Rostros conocidos... ellos son los plurinominales que llegan al Senado\" width=\"402\" height=\"201\" \/><\/p>\n<p>&nbsp;<\/p>\n<p>Tras los resultados obtenidos de las elecciones del domingo pasado, 32 de los 96 legisladores que integrar\u00e1n la pr\u00f3xima Legislatura en el Senado de la Rep\u00fablica llegan por la v\u00eda plurinominal.<\/p>\n<p>Los legisladores plurinominales o de representaci\u00f3n proporcional son quienes son electos por el porcentaje de votos que haya tenido su partido.<\/p>\n<p>De acuerdo con las listas presentadas por los partidos y considerando los votos que cada partido obtuvo,\u00a0<strong>Morena ser\u00e1 el partido que m\u00e1s curules tenga, con 13, seguido del PAN y el PRI con 6 senadores; el PRD, PVEM y MC, con 2 plurimoninales y el PT con 1.<\/strong><\/p>\n<p>Ellos son los plurinominales que asumir\u00e1n el 1 de septiembre de este a\u00f1o en la LXIV Legislatura y seguramente, a muchos de ellos ya los conoces:<\/p>\n<h3>Morena<\/h3>\n<ul>\n<li>Blanca Estela Pi\u00f1a Gudi\u00f1o<\/li>\n<li>An\u00edbal Ostoa Ortega<\/li>\n<li>Olga Mar\u00eda del Carmen S\u00e1nchez Cordero D\u00e1vila<\/li>\n<li>Ricardo Monreal \u00c1vila<\/li>\n<li>Ifigenia Martha Mart\u00ednez y Hern\u00e1ndez<\/li>\n<li>Napole\u00f3n G\u00f3mez Urrutia<\/li>\n<li>Freyda Marybel C\u00e1zares<\/li>\n<li>Germ\u00e1n Mart\u00ednez C\u00e1zares<\/li>\n<li>Nestora Salgado Garc\u00eda<\/li>\n<li>Jos\u00e9 Antonio Cruz \u00c1lvarez Lima<\/li>\n<li>Imelda Castro Castro<\/li>\n<li>Casimiro M\u00e9ndez Ortiz<\/li>\n<li>Claudia Esther Balderas Espinoza<\/li>\n<\/ul>\n<h3>PAN<\/h3>\n<ul>\n<li>Josefina V\u00e1zquez Mota<\/li>\n<li>Miguel \u00c1ngel Mancera Espinoza<\/li>\n<li>Indira de Jes\u00fas Rosales San Rom\u00e1n<\/li>\n<li>Dami\u00e1n Zepeda<\/li>\n<li>Kenia L\u00f3pez Rabad\u00e1n<\/li>\n<li>Rafael Moreno Valle<\/li>\n<\/ul>\n<h3>PRI<\/h3>\n<ul>\n<li>Claudia Ruiz Massieu Salinas<\/li>\n<li>Carlos Humberto Aceves del Olmo<\/li>\n<li>Vanesa Rubio M\u00e1rquez<\/li>\n<li>Miguel \u00c1ngel Osorio Chong<\/li>\n<li>Beatriz Elena Paredes Rangel<\/li>\n<li>Eruviel \u00c1vila Villegas<\/li>\n<\/ul>\n<h3>PRD<\/h3>\n<ul>\n<li>Bertha X\u00f3chitl G\u00e1lvez Ruis<\/li>\n<li>Juan Manuel Zepeda Hern\u00e1ndez<\/li>\n<\/ul>\n<h3>PVEM<\/h3>\n<ul>\n<li>Alejandra Lagunes Soto Ruiz<\/li>\n<li>Manuel Velasco<\/li>\n<\/ul>\n<h3>Movimiento Ciudadano<\/h3>\n<ul>\n<li>Patricia Mercado Castro<\/li>\n<li>Dante Delgado<\/li>\n<\/ul>\n<h3>PT<\/h3>\n<ul>\n<li>Geovanna del Carmen Ba\u00f1uelos de la Torre<\/li>\n<\/ul>\n","protected":false},"excerpt":{"rendered":"<p>&nbsp; Tras los resultados obtenidos de las elecciones del domingo pasado, 32 de los 96 legisladores que integrar\u00e1n la pr\u00f3xima Legislatura en el Senado de la Rep\u00fablica llegan por la v\u00eda plurinominal. Los legisladores plurinominales o de representaci\u00f3n proporcional son quienes son electos por el porcentaje de votos que haya tenido su partido. De acuerdo [&hellip;]<\/p>\n","protected":false},"author":2,"featured_media":54820,"comment_status":"closed","ping_status":"closed","sticky":false,"template":"","format":"standard","meta":{"footnotes":""},"categories":[14],"tags":[],"class_list":["post-54819","post","type-post","status-publish","format-standard","has-post-thumbnail","hentry","category-destacadas"],"_links":{"self":[{"href":"https:\/\/radiowebmx.com\/nota\/wp-json\/wp\/v2\/posts\/54819","targetHints":{"allow":["GET"]}}],"collection":[{"href":"https:\/\/radiowebmx.com\/nota\/wp-json\/wp\/v2\/posts"}],"about":[{"href":"https:\/\/radiowebmx.com\/nota\/wp-json\/wp\/v2\/types\/post"}],"author":[{"embeddable":true,"href":"https:\/\/radiowebmx.com\/nota\/wp-json\/wp\/v2\/users\/2"}],"replies":[{"embeddable":true,"href":"https:\/\/radiowebmx.com\/nota\/wp-json\/wp\/v2\/comments?post=54819"}],"version-history":[{"count":1,"href":"https:\/\/radiowebmx.com\/nota\/wp-json\/wp\/v2\/posts\/54819\/revisions"}],"predecessor-version":[{"id":54821,"href":"https:\/\/radiowebmx.com\/nota\/wp-json\/wp\/v2\/posts\/54819\/revisions\/54821"}],"wp:featuredmedia":[{"embeddable":true,"href":"https:\/\/radiowebmx.com\/nota\/wp-json\/wp\/v2\/media\/54820"}],"wp:attachment":[{"href":"https:\/\/radiowebmx.com\/nota\/wp-json\/wp\/v2\/media?parent=54819"}],"wp:term":[{"taxonomy":"category","embeddable":true,"href":"https:\/\/radiowebmx.com\/nota\/wp-json\/wp\/v2\/categories?post=54819"},{"taxonomy":"post_tag","embeddable":true,"href":"https:\/\/radiowebmx.com\/nota\/wp-json\/wp\/v2\/tags?post=54819"}],"curies":[{"name":"wp","href":"https:\/\/api.w.org\/{rel}","templated":true}]}}