{"id":54802,"date":"2018-07-05T22:22:57","date_gmt":"2018-07-06T03:22:57","guid":{"rendered":"https:\/\/radiowebmx.com\/nota\/?p=54802"},"modified":"2018-07-06T10:29:03","modified_gmt":"2018-07-06T15:29:03","slug":"entregan-constancia-de-mayoria-al-diputado-electo-por-el-distrito-v","status":"publish","type":"post","link":"https:\/\/radiowebmx.com\/nota\/entregan-constancia-de-mayoria-al-diputado-electo-por-el-distrito-v\/","title":{"rendered":"Entregan constancia de mayor\u00eda al diputado electo por el Distrito V"},"content":{"rendered":"<p><img loading=\"lazy\" decoding=\"async\" class=\"\" src=\"https:\/\/attachment.outlook.live.net\/owa\/comgrafic_3@hotmail.com\/service.svc\/s\/GetAttachmentThumbnail?id=AQMkADAwATY0MDABLTgwNTYtZWM3OS0wMAItMDAKAEYAAAPaed1c1j8KT7aURLn6rI5GBwAe15j5sUT3TaISzCRY4uMCAAACAQwAAADomvo5BPcZT7qsxXAm84sCAAEQruILAAAAARIAEADkCzm9LvHnTaTzKdyi1RXd&amp;thumbnailType=2&amp;X-OWA-CANARY=ophfRIdG5UGHHFswn0BdMWCByPNU49UY_QaBVnGBpjG_b27ZFgysAYD5FbbRfQTt-Dq0i99SX6E.&amp;token=eyJhbGciOiJSUzI1NiIsImtpZCI6IjA2MDBGOUY2NzQ2MjA3MzdFNzM0MDRFMjg3QzQ1QTgxOENCN0NFQjgiLCJ4NXQiOiJCZ0Q1OW5SaUJ6Zm5OQVRpaDhSYWdZeTN6cmciLCJ0eXAiOiJKV1QifQ.eyJ2ZXIiOiJFeGNoYW5nZS5DYWxsYmFjay5WMSIsImFwcGN0eHNlbmRlciI6Ik93YURvd25sb2FkQDg0ZGY5ZTdmLWU5ZjYtNDBhZi1iNDM1LWFhYWFhYWFhYWFhYSIsImFwcGN0eCI6IntcIm1zZXhjaHByb3RcIjpcIm93YVwiLFwicHJpbWFyeXNpZFwiOlwiUy0xLTI4MjctNDA5NjAwLTIxNTMxODAyODFcIixcInB1aWRcIjpcIjE3NTkyMjA3NTc2MjE4ODFcIixcIm9pZFwiOlwiMDAwNjQwMDAtODA1Ni1lYzc5LTAwMDAtMDAwMDAwMDAwMDAwXCIsXCJzY29wZVwiOlwiT3dhRG93bmxvYWRcIn0iLCJuYmYiOjE1MzA4OTA2MjMsImV4cCI6MTUzMDg5MTIyMywiaXNzIjoiMDAwMDAwMDItMDAwMC0wZmYxLWNlMDAtMDAwMDAwMDAwMDAwQDg0ZGY5ZTdmLWU5ZjYtNDBhZi1iNDM1LWFhYWFhYWFhYWFhYSIsImF1ZCI6IjAwMDAwMDAyLTAwMDAtMGZmMS1jZTAwLTAwMDAwMDAwMDAwMC9hdHRhY2htZW50Lm91dGxvb2subGl2ZS5uZXRAODRkZjllN2YtZTlmNi00MGFmLWI0MzUtYWFhYWFhYWFhYWFhIn0.SBdxeX94od9dQ-DcPFd68JL3K66jdpX7Ws4Jnq80vofKAxxIu-f0cHgG15mpnG7D_B7fs8TOA0w8Qzn0Zv-oimBDecz9BMo76mTmSWIJjEHj7tSl1Wh6sKrZ4Jx-ci5jR65zGvMb9O6WAeLUimiDXbzkNMOp3UX2oT9UXZMM_H5OOSe_I7Kj-ZO-UxWrCCLfYQMZ7dfWwz6FELFWDAkzf0lRQBLhlVt7ccER8Wq8yE7_3Om5lagVXDgxJUzGWwIR2rhT9rDmitIRW0HPHcoFFxsxgM1u1kljEEHnwmplzqD3rw-27rJ593tU_K2I1tzyHRms0T19IhksXb3J4aO61w&amp;owa=outlook.live.com&amp;isc=1\" width=\"399\" height=\"266\" \/><\/p>\n<p>&nbsp;<\/p>\n<p class=\"x_MsoNormal\">Osiel Equihua Equihua, ratific\u00f3 su compromiso de cumplir las propuestas de campa\u00f1a.<\/p>\n<p class=\"x_MsoNormal\">Este mi\u00e9rcoles, Osiel Equihua Equihua, diputado electo por el Distrito V de la Coalici\u00f3n Juntos Haremos Historia, recibi\u00f3 la Constancia de Mayor\u00eda por parte del Comit\u00e9\u00a0 Electoral Distrital, que confirma y valida el triunfo del candidato de la izquierda por sobre sus oponentes.<\/p>\n<p class=\"x_MsoNormal\">Despu\u00e9s de cotejar las actas y un reconteo por parte del Instituto Electoral de Michoac\u00e1n, el candidato Osiel Equihua Equihua, se alza con la victoria contundente, el conteo oficial no solo reafirm\u00f3 el resultado de la contienda electoral, sino que aument\u00f3 la ventaja de manera significativa.<\/p>\n<p class=\"x_MsoNormal\">Previamente habr\u00eda registrado la cantidad de\u00a0 19 mil 645 votos, en este nuevo conteo registr\u00f3 21, 800 votos a favor, de esta manera se posiciona por casi 10 puntos porcentuales por arriba de su similar m\u00e1s cercano.<\/p>\n<p class=\"x_MsoNormal\">\u00a0Osiel Equihua Equihua, agradeci\u00f3 la confianza que los pobladores del distrito V que han depositado en \u00e9l, &#8220;Yo me debo al pueblo, ahora es tiempo de trabajar y demostrar que somos muchos los que queremos que cambien las cosas en el distrito V&#8221;.<\/p>\n<p class=\"x_MsoNormal\">&#8220;Nuestra legislaci\u00f3n ser\u00e1 un ejercicio de puertas abiertas y de cercan\u00eda con el pueblo\u201d, &#8220;Seguiremos al pie de la letra las instrucciones e ideales de nuestro se\u00f1or presidente de la Rep\u00fablica, Andr\u00e9s Manuel L\u00f3pez Obrador&#8221; as\u00ed lo mencion\u00f3 el candidato despu\u00e9s de recibir la constancia de mayor\u00eda.<\/p>\n<p class=\"x_MsoNormal\">Cabe se\u00f1alar, que es el primer diputado que llega en condiciones de discapacidad visual al Congreso del Estado de Michoac\u00e1n, reafirmando con ello que Morena se pone a la vanguardia en inclusi\u00f3n con las causas m\u00e1s justas y necesarias, con la ciudadan\u00eda reafirmando que en el pueblo michoacano caben todas las ideas y todas personas.<\/p>\n","protected":false},"excerpt":{"rendered":"<p>&nbsp; Osiel Equihua Equihua, ratific\u00f3 su compromiso de cumplir las propuestas de campa\u00f1a. Este mi\u00e9rcoles, Osiel Equihua Equihua, diputado electo por el Distrito V de la Coalici\u00f3n Juntos Haremos Historia, recibi\u00f3 la Constancia de Mayor\u00eda por parte del Comit\u00e9\u00a0 Electoral Distrital, que confirma y valida el triunfo del candidato de la izquierda por sobre sus [&hellip;]<\/p>\n","protected":false},"author":2,"featured_media":54803,"comment_status":"closed","ping_status":"closed","sticky":false,"template":"","format":"standard","meta":{"footnotes":""},"categories":[14],"tags":[],"class_list":["post-54802","post","type-post","status-publish","format-standard","has-post-thumbnail","hentry","category-destacadas"],"_links":{"self":[{"href":"https:\/\/radiowebmx.com\/nota\/wp-json\/wp\/v2\/posts\/54802","targetHints":{"allow":["GET"]}}],"collection":[{"href":"https:\/\/radiowebmx.com\/nota\/wp-json\/wp\/v2\/posts"}],"about":[{"href":"https:\/\/radiowebmx.com\/nota\/wp-json\/wp\/v2\/types\/post"}],"author":[{"embeddable":true,"href":"https:\/\/radiowebmx.com\/nota\/wp-json\/wp\/v2\/users\/2"}],"replies":[{"embeddable":true,"href":"https:\/\/radiowebmx.com\/nota\/wp-json\/wp\/v2\/comments?post=54802"}],"version-history":[{"count":1,"href":"https:\/\/radiowebmx.com\/nota\/wp-json\/wp\/v2\/posts\/54802\/revisions"}],"predecessor-version":[{"id":54804,"href":"https:\/\/radiowebmx.com\/nota\/wp-json\/wp\/v2\/posts\/54802\/revisions\/54804"}],"wp:featuredmedia":[{"embeddable":true,"href":"https:\/\/radiowebmx.com\/nota\/wp-json\/wp\/v2\/media\/54803"}],"wp:attachment":[{"href":"https:\/\/radiowebmx.com\/nota\/wp-json\/wp\/v2\/media?parent=54802"}],"wp:term":[{"taxonomy":"category","embeddable":true,"href":"https:\/\/radiowebmx.com\/nota\/wp-json\/wp\/v2\/categories?post=54802"},{"taxonomy":"post_tag","embeddable":true,"href":"https:\/\/radiowebmx.com\/nota\/wp-json\/wp\/v2\/tags?post=54802"}],"curies":[{"name":"wp","href":"https:\/\/api.w.org\/{rel}","templated":true}]}}