{"id":54786,"date":"2018-07-04T15:10:54","date_gmt":"2018-07-04T20:10:54","guid":{"rendered":"https:\/\/radiowebmx.com\/nota\/?p=54786"},"modified":"2018-07-05T12:34:11","modified_gmt":"2018-07-05T17:34:11","slug":"evitar-que-fenezcan-multas-a-infractores-el-objetivo-roberto-carlos-lopez","status":"publish","type":"post","link":"https:\/\/radiowebmx.com\/nota\/evitar-que-fenezcan-multas-a-infractores-el-objetivo-roberto-carlos-lopez\/","title":{"rendered":"Evitar que fenezcan multas a infractores, el objetivo: Roberto Carlos L\u00f3pez"},"content":{"rendered":"<ul>\n<li class=\"x_gmail-MsoListParagraph\"><strong>Congreso exhort\u00f3 al Ejecutivo estatal a reformar reglamentos y ordenamientos en materia de desindexaci\u00f3n del salario<\/strong><\/li>\n<\/ul>\n<p class=\"x_MsoNormal\"><b>Morelia; Michoac\u00e1n, 04 de julio de 2018<\/b>.- Con el objetivo de evitar que fenezcan obligaciones para los infractores de las leyes estatales, a propuesta del diputado Roberto Carlos L\u00f3pez, Presidente del Congreso del Estado, se exhort\u00f3 al titular del Poder Ejecutivo del Estado, para que reforme a la brevedad posible, los reglamentos y dem\u00e1s ordenamientos legales pendientes de armonizaci\u00f3n en materia de desindexaci\u00f3n del salario m\u00ednimo, es decir desvincular a este, como unidad de referencia para el pago de cuotas y contribuciones.<\/p>\n<p class=\"x_MsoNormal\">El Pleno de la LXXIII Legislatura envi\u00f3 dicho exhorto con la finalidad de armonizarlos con el Decreto aprobado por la Federaci\u00f3n el 27 de enero de 2017, que reforma y adiciona diversas disposiciones de la Constituci\u00f3n Pol\u00edtica de los Estados Unidos Mexicanos, el cual permiti\u00f3 la desindexaci\u00f3n del salario m\u00ednimo y la adopci\u00f3n de la Unidad de Medida de Actualizaci\u00f3n (UMA) para utilizarse como unidad de cuenta, \u00edndice, base, medida o referencia.<\/p>\n<p class=\"x_MsoNormal\">Roberto Carlos L\u00f3pez, destac\u00f3 que en su momento la LXXIII Legislatura hizo lo propio en el \u00e1mbito estatal y se estableci\u00f3 que los Poderes Ejecutivo y Judicial, as\u00ed como las administraciones p\u00fablicas municipales deber\u00e1n realizar las adecuaciones a los ordenamientos de su competencia.<\/p>\n<p class=\"x_MsoNormal\">Sin embargo, precis\u00f3 que a la fecha existen algunos reglamentos de leyes estatales que a\u00fan se encuentran pendientes de armonizarlos con la reforma constitucional en la materia, por lo que puede generarse dificultades para cuantificar o estimar el pago de la cuant\u00eda de obligaciones o supuestos previstos en las leyes estatales, puesto que a\u00fan mantienen la referencia a salario m\u00ednimo como unidad de cuenta, \u00edndice, base, medida o referencia para tal fin, y para evitar repercusiones al momento de imponer una obligaci\u00f3n o requerir el cumplimiento de un supuesto jur\u00eddico.<\/p>\n<p class=\"x_MsoNormal\">Finalmente, el parlamentario resalt\u00f3 la importancia de acatar la Unidad de Medida y Actualizaci\u00f3n (UMA) y que deje de ser un referente el salario m\u00ednimo, tal como se indica en el art\u00edculo 26 de la Constituci\u00f3n Pol\u00edtica de los Estados Unidos Mexicanos, y con ello lograr que el salario m\u00ednimo tenga solamente un fin, que es propio a su naturaleza, es decir, la remuneraci\u00f3n a una persona que desempe\u00f1a una labor subordinada, ya sea intelectual o f\u00edsica.<\/p>\n","protected":false},"excerpt":{"rendered":"<p>Congreso exhort\u00f3 al Ejecutivo estatal a reformar reglamentos y ordenamientos en materia de desindexaci\u00f3n del salario Morelia; Michoac\u00e1n, 04 de julio de 2018.- Con el objetivo de evitar que fenezcan obligaciones para los infractores de las leyes estatales, a propuesta del diputado Roberto Carlos L\u00f3pez, Presidente del Congreso del Estado, se exhort\u00f3 al titular del [&hellip;]<\/p>\n","protected":false},"author":2,"featured_media":54787,"comment_status":"closed","ping_status":"closed","sticky":false,"template":"","format":"standard","meta":{"footnotes":""},"categories":[6,14],"tags":[],"class_list":["post-54786","post","type-post","status-publish","format-standard","has-post-thumbnail","hentry","category-congreso-del-estado","category-destacadas"],"_links":{"self":[{"href":"https:\/\/radiowebmx.com\/nota\/wp-json\/wp\/v2\/posts\/54786","targetHints":{"allow":["GET"]}}],"collection":[{"href":"https:\/\/radiowebmx.com\/nota\/wp-json\/wp\/v2\/posts"}],"about":[{"href":"https:\/\/radiowebmx.com\/nota\/wp-json\/wp\/v2\/types\/post"}],"author":[{"embeddable":true,"href":"https:\/\/radiowebmx.com\/nota\/wp-json\/wp\/v2\/users\/2"}],"replies":[{"embeddable":true,"href":"https:\/\/radiowebmx.com\/nota\/wp-json\/wp\/v2\/comments?post=54786"}],"version-history":[{"count":1,"href":"https:\/\/radiowebmx.com\/nota\/wp-json\/wp\/v2\/posts\/54786\/revisions"}],"predecessor-version":[{"id":54788,"href":"https:\/\/radiowebmx.com\/nota\/wp-json\/wp\/v2\/posts\/54786\/revisions\/54788"}],"wp:featuredmedia":[{"embeddable":true,"href":"https:\/\/radiowebmx.com\/nota\/wp-json\/wp\/v2\/media\/54787"}],"wp:attachment":[{"href":"https:\/\/radiowebmx.com\/nota\/wp-json\/wp\/v2\/media?parent=54786"}],"wp:term":[{"taxonomy":"category","embeddable":true,"href":"https:\/\/radiowebmx.com\/nota\/wp-json\/wp\/v2\/categories?post=54786"},{"taxonomy":"post_tag","embeddable":true,"href":"https:\/\/radiowebmx.com\/nota\/wp-json\/wp\/v2\/tags?post=54786"}],"curies":[{"name":"wp","href":"https:\/\/api.w.org\/{rel}","templated":true}]}}