{"id":54765,"date":"2018-07-04T19:01:57","date_gmt":"2018-07-05T00:01:57","guid":{"rendered":"https:\/\/radiowebmx.com\/nota\/?p=54765"},"modified":"2018-07-05T11:03:27","modified_gmt":"2018-07-05T16:03:27","slug":"inaceptable-que-se-empane-el-proceso-electoral-por-una-eleccion-local-dice-ine","status":"publish","type":"post","link":"https:\/\/radiowebmx.com\/nota\/inaceptable-que-se-empane-el-proceso-electoral-por-una-eleccion-local-dice-ine\/","title":{"rendered":"Inaceptable que se empa\u00f1e el proceso electoral por una elecci\u00f3n local, dice INE"},"content":{"rendered":"<p dir=\"ltr\">El\u00a0presidente\u00a0del\u00a0Consejo General\u00a0del\u00a0Instituto Nacional Electoral\u00a0(INE),\u00a0Lorenzo C\u00f3rdova, hizo un\u00a0llamado\u00a0a los\u00a0actores\u00a0pol\u00edticos\u00a0en el estado de\u00a0Puebla\u00a0a ser\u00a0responsables\u00a0ante los\u00a0resultados\u00a0de la\u00a0elecci\u00f3n local, que ha provocado\u00a0inconformidades\u00a0y\u00a0conatos\u00a0de\u00a0violencia.<\/p>\n<p dir=\"ltr\">Lorenzo C\u00f3rdova\u00a0dijo:<\/p>\n<p dir=\"ltr\">\u201cHacer un llamado a la responsabilidad, a que est\u00e9n a la altura de las circunstancias, a la altura del trabajo de alta vara que nos dejaron a las y los ciudadanos a los actores pol\u00edticos, ser\u00eda muy lamentable que el proceso electoral se empa\u00f1ara por la irresponsabilidad de los actores pol\u00edticos por un asunto de una elecci\u00f3n local\u201d.<\/p>\n<h4>C\u00d3RDOVA CUESTION\u00d3: \u00bfQU\u00c9 AMARREN AL TIGRE? \u00bfCU\u00c1L TIGRE?<\/h4>\n<p dir=\"ltr\">\u201cNo se vale que la fiesta democr\u00e1tica que hemos tenido sea empa\u00f1ada por ning\u00fan actor pol\u00edtico no importa cu\u00e1les sean sus intereses, los cauces legales ah\u00ed est\u00e1n que los ejerzan \u00bfQu\u00e9 amarren al tigre? Cu\u00e1l tigre, quieren ir a ver un tigre vayan al zool\u00f3gico de Chapultepec, lo que hemos visto el domingo pasado es una verdadera fiesta democr\u00e1tica\u201d.<\/p>\n<p dir=\"ltr\">Reiter\u00f3 que\u00a0cualquier inconformidad\u00a0debe ser\u00a0canalizada\u00a0por la\u00a0v\u00eda institucional\u00a0y\u00a0aclarada por la legalidad:<\/p>\n<p dir=\"ltr\">\u201cLos cauces legales est\u00e1n dados para que cualquier inconformidad se procese, las reglas son claras y existen las autoridades ministeriales para que en el caso de que se constate la comisi\u00f3n de un delito este se sancione, es inaceptable que en democracia qu\u00e9, ante una ciudadan\u00eda y un pueblo que ha demostrado una vocaci\u00f3n y compromiso con los principios y valores de esta forma de gobierno, los actores pol\u00edticos no lo est\u00e9n\u201d<\/p>\n","protected":false},"excerpt":{"rendered":"<p>El\u00a0presidente\u00a0del\u00a0Consejo General\u00a0del\u00a0Instituto Nacional Electoral\u00a0(INE),\u00a0Lorenzo C\u00f3rdova, hizo un\u00a0llamado\u00a0a los\u00a0actores\u00a0pol\u00edticos\u00a0en el estado de\u00a0Puebla\u00a0a ser\u00a0responsables\u00a0ante los\u00a0resultados\u00a0de la\u00a0elecci\u00f3n local, que ha provocado\u00a0inconformidades\u00a0y\u00a0conatos\u00a0de\u00a0violencia. Lorenzo C\u00f3rdova\u00a0dijo: \u201cHacer un llamado a la responsabilidad, a que est\u00e9n a la altura de las circunstancias, a la altura del trabajo de alta vara que nos dejaron a las y los ciudadanos a los actores pol\u00edticos, [&hellip;]<\/p>\n","protected":false},"author":2,"featured_media":54766,"comment_status":"closed","ping_status":"closed","sticky":false,"template":"","format":"standard","meta":{"footnotes":""},"categories":[14],"tags":[],"class_list":["post-54765","post","type-post","status-publish","format-standard","has-post-thumbnail","hentry","category-destacadas"],"_links":{"self":[{"href":"https:\/\/radiowebmx.com\/nota\/wp-json\/wp\/v2\/posts\/54765","targetHints":{"allow":["GET"]}}],"collection":[{"href":"https:\/\/radiowebmx.com\/nota\/wp-json\/wp\/v2\/posts"}],"about":[{"href":"https:\/\/radiowebmx.com\/nota\/wp-json\/wp\/v2\/types\/post"}],"author":[{"embeddable":true,"href":"https:\/\/radiowebmx.com\/nota\/wp-json\/wp\/v2\/users\/2"}],"replies":[{"embeddable":true,"href":"https:\/\/radiowebmx.com\/nota\/wp-json\/wp\/v2\/comments?post=54765"}],"version-history":[{"count":1,"href":"https:\/\/radiowebmx.com\/nota\/wp-json\/wp\/v2\/posts\/54765\/revisions"}],"predecessor-version":[{"id":54767,"href":"https:\/\/radiowebmx.com\/nota\/wp-json\/wp\/v2\/posts\/54765\/revisions\/54767"}],"wp:featuredmedia":[{"embeddable":true,"href":"https:\/\/radiowebmx.com\/nota\/wp-json\/wp\/v2\/media\/54766"}],"wp:attachment":[{"href":"https:\/\/radiowebmx.com\/nota\/wp-json\/wp\/v2\/media?parent=54765"}],"wp:term":[{"taxonomy":"category","embeddable":true,"href":"https:\/\/radiowebmx.com\/nota\/wp-json\/wp\/v2\/categories?post=54765"},{"taxonomy":"post_tag","embeddable":true,"href":"https:\/\/radiowebmx.com\/nota\/wp-json\/wp\/v2\/tags?post=54765"}],"curies":[{"name":"wp","href":"https:\/\/api.w.org\/{rel}","templated":true}]}}