{"id":54720,"date":"2018-07-04T11:19:20","date_gmt":"2018-07-04T16:19:20","guid":{"rendered":"https:\/\/radiowebmx.com\/nota\/?p=54720"},"modified":"2018-07-04T13:04:29","modified_gmt":"2018-07-04T18:04:29","slug":"inicia-ine-recuento-de-votos-en-todo-el-pais","status":"publish","type":"post","link":"https:\/\/radiowebmx.com\/nota\/inicia-ine-recuento-de-votos-en-todo-el-pais\/","title":{"rendered":"Inicia INE recuento de votos en todo el pa\u00eds"},"content":{"rendered":"<p>A las 08:22 horas, el secretario Ejecutivo,\u00a0<strong>Edmundo Jacobo<\/strong>, inform\u00f3 al Consejo General que las juntas distritales hab\u00edan iniciado el\u00a0<strong>escrutinio y c\u00f3mputo de los votos<\/strong>\u00a0en todo el pa\u00eds, lo que dar\u00e1 como resultado los n\u00fameros oficiales de las tres elecciones federales incluida la de presidente de la Rep\u00fablica.<\/p>\n<p>Dijo que las proyecciones de los 300 distritos, arrojan que habr\u00e1 un\u00a0<strong>recuento de 73.9 por ciento de paquetes electorales para\u00a0presidente<\/strong>; de 76.01 por ciento para diputados y de 76.70 por ciento para senadores.<\/p>\n<p>Jacobo Molina apunt\u00f3 que la complejidad de la casilla \u00fanica y del voto por tres coaliciones pudo haber elevado el n\u00famero de inconsistencias en las actas.<\/p>\n<h3>Comicios de altura<\/h3>\n<p>Ayer, el consejero presidente del Instituto Nacional Electoral (INE), Lorenzo C\u00f3rdova Vianello,\u00a0agradeci\u00f3 la participaci\u00f3n y actuaci\u00f3n de los ciudadanos, trabajadores de esta instituci\u00f3n y de los actores pol\u00edticos, que en esta elecci\u00f3n fue de altura de miras.<\/p>\n<p>En su cuenta de Twitter, C\u00f3rdova Vianello afirm\u00f3 que el INE organiza las elecciones, pero son los ciudadanos quienes se apropian de ellas y las hacen posibles gracias a su dedicaci\u00f3n y compromiso.<\/p>\n<p>En el video que public\u00f3 destac\u00f3 que &#8220;no quiero dejar de reconocer la civilidad y madurez de todas las fuerzas pol\u00edticas y particularmente de los cuatro candidatos presidenciales; ellos se comportaron a la altura de las circunstancias y con altura de miras ayudaron a consolidar un proceso de consolidaci\u00f3n democr\u00e1tica que inici\u00f3 hace 40 a\u00f1os\u201d.<\/p>\n<p>C\u00f3rdova Vianello hizo varios reconocimientos a los trabadores del INE, a los ciudadanos que fungieron como funcionarios de casilla, a toda la gente que fue a votar, y a los medios de comunicaci\u00f3n y sus representantes.<\/p>\n","protected":false},"excerpt":{"rendered":"<p>A las 08:22 horas, el secretario Ejecutivo,\u00a0Edmundo Jacobo, inform\u00f3 al Consejo General que las juntas distritales hab\u00edan iniciado el\u00a0escrutinio y c\u00f3mputo de los votos\u00a0en todo el pa\u00eds, lo que dar\u00e1 como resultado los n\u00fameros oficiales de las tres elecciones federales incluida la de presidente de la Rep\u00fablica. Dijo que las proyecciones de los 300 distritos, [&hellip;]<\/p>\n","protected":false},"author":2,"featured_media":54721,"comment_status":"closed","ping_status":"closed","sticky":false,"template":"","format":"standard","meta":{"footnotes":""},"categories":[14],"tags":[],"class_list":["post-54720","post","type-post","status-publish","format-standard","has-post-thumbnail","hentry","category-destacadas"],"_links":{"self":[{"href":"https:\/\/radiowebmx.com\/nota\/wp-json\/wp\/v2\/posts\/54720","targetHints":{"allow":["GET"]}}],"collection":[{"href":"https:\/\/radiowebmx.com\/nota\/wp-json\/wp\/v2\/posts"}],"about":[{"href":"https:\/\/radiowebmx.com\/nota\/wp-json\/wp\/v2\/types\/post"}],"author":[{"embeddable":true,"href":"https:\/\/radiowebmx.com\/nota\/wp-json\/wp\/v2\/users\/2"}],"replies":[{"embeddable":true,"href":"https:\/\/radiowebmx.com\/nota\/wp-json\/wp\/v2\/comments?post=54720"}],"version-history":[{"count":1,"href":"https:\/\/radiowebmx.com\/nota\/wp-json\/wp\/v2\/posts\/54720\/revisions"}],"predecessor-version":[{"id":54722,"href":"https:\/\/radiowebmx.com\/nota\/wp-json\/wp\/v2\/posts\/54720\/revisions\/54722"}],"wp:featuredmedia":[{"embeddable":true,"href":"https:\/\/radiowebmx.com\/nota\/wp-json\/wp\/v2\/media\/54721"}],"wp:attachment":[{"href":"https:\/\/radiowebmx.com\/nota\/wp-json\/wp\/v2\/media?parent=54720"}],"wp:term":[{"taxonomy":"category","embeddable":true,"href":"https:\/\/radiowebmx.com\/nota\/wp-json\/wp\/v2\/categories?post=54720"},{"taxonomy":"post_tag","embeddable":true,"href":"https:\/\/radiowebmx.com\/nota\/wp-json\/wp\/v2\/tags?post=54720"}],"curies":[{"name":"wp","href":"https:\/\/api.w.org\/{rel}","templated":true}]}}