{"id":54710,"date":"2018-07-03T19:23:24","date_gmt":"2018-07-04T00:23:24","guid":{"rendered":"https:\/\/radiowebmx.com\/nota\/?p=54710"},"modified":"2018-07-04T10:56:35","modified_gmt":"2018-07-04T15:56:35","slug":"jornada-electoral-pacifica-y-concurrida-producto-del-trabajo-conjunto-gcm","status":"publish","type":"post","link":"https:\/\/radiowebmx.com\/nota\/jornada-electoral-pacifica-y-concurrida-producto-del-trabajo-conjunto-gcm\/","title":{"rendered":"Jornada electoral pac\u00edfica y concurrida, producto del trabajo conjunto: GCM"},"content":{"rendered":"<p><img loading=\"lazy\" decoding=\"async\" class=\"\" src=\"http:\/\/michoacan.gob.mx\/wp-content\/uploads\/2018\/07\/cdfd371d-0f6d-4c14-b678-963cf101fd81.jpeg\" width=\"401\" height=\"267\" \/><\/p>\n<p>&nbsp;<\/p>\n<ul>\n<li><strong>Las incidencias que se registraron en 4 de los 112 municipios donde hubo votaciones, se atendieron con oportunidad.<\/strong><\/li>\n<\/ul>\n<p><strong>Morelia, Michoac\u00e1n, a 3 de julio de 2018.-<\/strong>\u00a0Las acciones que de manera transversal se ejercieron entre los tres \u00f3rdenes de gobierno, permitieron que Michoac\u00e1n viviera una verdadera fiesta democr\u00e1tica con alta participaci\u00f3n ciudadana el pasado 1 de julio, donde las incidencias se atendieron con oportunidad para garantizar el desarrollo de los comicios.<\/p>\n<p>As\u00ed lo consider\u00f3 el Gobernador Constitucional Silvano Aureoles Conejo, al encabezar la reuni\u00f3n del Grupo de Coordinaci\u00f3n Michoac\u00e1n, donde se evaluaron las acciones y resultados del operativo desplegado antes, durante y despu\u00e9s de la jornada electoral.<\/p>\n<p>Acompa\u00f1ado del secretario de Gobierno, Pascual Sigala P\u00e1ez, el titular del Ejecutivo Estatal resalt\u00f3 el trabajo conjunto y permanente con quienes integran la Mesa de Gobernabilidad para el Seguimiento del Proceso Electoral, donde se atendieron con oportunidad los acontecimientos que se suscitaron para que las tareas se desarrollaran en orden.<\/p>\n<p>Asimismo, se analiz\u00f3 el despliegue operativo en todo el estado para garantizar la seguridad en el traslado y resguardo de paquetes electorales.<\/p>\n<p>Tambi\u00e9n se revisaron los avances en la disminuci\u00f3n de los delitos de alto impacto durante el mes de junio, como lo son homicidio doloso, robo de veh\u00edculo y robo a casa-habitaci\u00f3n.<\/p>\n<p>En esta reuni\u00f3n tambi\u00e9n estuvieron presentes, el procurador general de Justicia, Jos\u00e9 Mart\u00edn Godoy Castro; el comandante de la VI Regi\u00f3n Naval, Jorge Alberto Burguete Kaller y el delegado de PGR, Jes\u00fas L\u00f3pez Trujillo.<\/p>\n<p>Adem\u00e1s de los comandantes de la 43 Zona Militar, general Ricardo Trevilla Trejo; de la 21 Zona Militar, general Gerardo M\u00e9rida S\u00e1nchez; de la 10 Zona Naval, vicealmirante Salvador G\u00f3mez Rangel; el coordinador de la Polic\u00eda Federal en Michoac\u00e1n, Rafael Abundiz N\u00fa\u00f1ez; entre otras autoridades.<\/p>\n","protected":false},"excerpt":{"rendered":"<p>&nbsp; Las incidencias que se registraron en 4 de los 112 municipios donde hubo votaciones, se atendieron con oportunidad. Morelia, Michoac\u00e1n, a 3 de julio de 2018.-\u00a0Las acciones que de manera transversal se ejercieron entre los tres \u00f3rdenes de gobierno, permitieron que Michoac\u00e1n viviera una verdadera fiesta democr\u00e1tica con alta participaci\u00f3n ciudadana el pasado 1 [&hellip;]<\/p>\n","protected":false},"author":2,"featured_media":54711,"comment_status":"closed","ping_status":"closed","sticky":false,"template":"","format":"standard","meta":{"footnotes":""},"categories":[14,3,60],"tags":[],"class_list":["post-54710","post","type-post","status-publish","format-standard","has-post-thumbnail","hentry","category-destacadas","category-gobierno-del-estado-de-michoacan","category-michoacan"],"_links":{"self":[{"href":"https:\/\/radiowebmx.com\/nota\/wp-json\/wp\/v2\/posts\/54710","targetHints":{"allow":["GET"]}}],"collection":[{"href":"https:\/\/radiowebmx.com\/nota\/wp-json\/wp\/v2\/posts"}],"about":[{"href":"https:\/\/radiowebmx.com\/nota\/wp-json\/wp\/v2\/types\/post"}],"author":[{"embeddable":true,"href":"https:\/\/radiowebmx.com\/nota\/wp-json\/wp\/v2\/users\/2"}],"replies":[{"embeddable":true,"href":"https:\/\/radiowebmx.com\/nota\/wp-json\/wp\/v2\/comments?post=54710"}],"version-history":[{"count":1,"href":"https:\/\/radiowebmx.com\/nota\/wp-json\/wp\/v2\/posts\/54710\/revisions"}],"predecessor-version":[{"id":54712,"href":"https:\/\/radiowebmx.com\/nota\/wp-json\/wp\/v2\/posts\/54710\/revisions\/54712"}],"wp:featuredmedia":[{"embeddable":true,"href":"https:\/\/radiowebmx.com\/nota\/wp-json\/wp\/v2\/media\/54711"}],"wp:attachment":[{"href":"https:\/\/radiowebmx.com\/nota\/wp-json\/wp\/v2\/media?parent=54710"}],"wp:term":[{"taxonomy":"category","embeddable":true,"href":"https:\/\/radiowebmx.com\/nota\/wp-json\/wp\/v2\/categories?post=54710"},{"taxonomy":"post_tag","embeddable":true,"href":"https:\/\/radiowebmx.com\/nota\/wp-json\/wp\/v2\/tags?post=54710"}],"curies":[{"name":"wp","href":"https:\/\/api.w.org\/{rel}","templated":true}]}}