{"id":5471,"date":"2014-02-17T09:56:03","date_gmt":"2014-02-17T15:56:03","guid":{"rendered":"https:\/\/radiowebmx.com\/nota\/?p=5471"},"modified":"2014-02-17T09:56:03","modified_gmt":"2014-02-17T15:56:03","slug":"finaliza-jornada-de-salud-visual","status":"publish","type":"post","link":"https:\/\/radiowebmx.com\/nota\/finaliza-jornada-de-salud-visual\/","title":{"rendered":"FINALIZA JORNADA DE SALUD VISUAL"},"content":{"rendered":"<p><a href=\"https:\/\/radiowebmx.com\/nota\/wp-content\/uploads\/2014\/02\/DSC0997.jpg\"><img loading=\"lazy\" decoding=\"async\" class=\"alignleft size-full wp-image-5472\" alt=\"_DSC0997\" src=\"https:\/\/radiowebmx.com\/nota\/wp-content\/uploads\/2014\/02\/DSC0997.jpg\" width=\"591\" height=\"304\" \/><\/a>Con 3 mil michoacanas y michoacanos beneficiados, este s\u00e1bado finaliz\u00f3 la Jornada de Salud Visual organizada por el Gobierno del Estado de Michoac\u00e1n con el apoyo de las Fundaciones <i>Devlyn<\/i> y <i>One Sight.<\/i><\/p>\n<p>La suma de esfuerzos entre el Sistema para el Desarrollo Integral de la Familia (DIF), la Secretar\u00eda de Salud y la Direcci\u00f3n de Atenci\u00f3n Ciudadana, permiti\u00f3 establecer el enlace con las Fundaciones, quienes aportaron el trabajo de personal especializado y los insumos para que 3 mil personas de escasos recursos cuenten con lentes que les permitan una mejor calidad de vida.<\/p>\n<p>Aunado a la entrega de lentes, el personal especializado detect\u00f3 el padecimiento de cataratas a las personas que acudieron a la Jornada, por lo que se realiz\u00f3 un padr\u00f3n para que en una segunda etapa los m\u00e9dicos especialistas regresen a la entidad con la finalidad de atender a esta poblaci\u00f3n.<\/p>\n<p>Esta Jornada de Salud se realiz\u00f3 con la ayuda de 45 voluntarios nacionales y extranjeros, entre ellos un equipo de especialistas en optometr\u00eda que fueron los encargados de revisar, graduar, diagnosticar patolog\u00edas en algunos casos, y entregar los anteojos personalizados el mismo d\u00eda de la consulta.<\/p>\n<p>Durante la actividad, el Sistema DIF Michoac\u00e1n logr\u00f3 la gesti\u00f3n de 634 fichas para la atenci\u00f3n de la poblaci\u00f3n tanto de la capital como de los municipios de Nahuatzen, Irimbo, Cop\u00e1ndaro, L\u00e1zaro C\u00e1rdenas, Charapan, Aquila, Nocup\u00e9taro, Tumbiscat\u00edo, Quer\u00e9ndaro, Paracho, Tanc\u00edtaro, Apatzing\u00e1n, Chavinda y Chilchota.<\/p>\n<p>Tambi\u00e9n, se atendi\u00f3 a ni\u00f1as y ni\u00f1os de la Casa Hogar y la Casa Cuna, mientras que personal m\u00e9dico preventivo del Sistema DIF realiz\u00f3 la toma de presi\u00f3n arterial, glucosa y somatometr\u00edas a los asistentes, as\u00ed como orientaci\u00f3n de salud preventiva.<\/p>\n<p><b>PARTICIPA SISTEMA DIF MICHOAC\u00c1N EN 1\u00aa. KERM\u00c9S DE LA CASA DE CUNA \u201cFELICITAS DEL R\u00cdO\u201d<\/b><\/p>\n<p>La secretaria t\u00e9cnica del Sistema DIF Michoac\u00e1n, Andrea Yolanda Neri Castellanos, inaugur\u00f3 la Primera Kerm\u00e9s de la Casa de Cuna \u201cFelicitas del R\u00edo\u201d A.C, cuya finalidad es la obtenci\u00f3n de fondos para su mantenimiento y sustento para seguir ofreciendo la custodia de ni\u00f1os en orfandad, as\u00ed como los servicios de cuidado, alimentaci\u00f3n y educaci\u00f3n a menores cuyos padres son de escasos recursos.<\/p>\n<p>Andrea Yolanda Neri afirm\u00f3 que siempre ser\u00e1 una prioridad de la administraci\u00f3n del gobernador Fausto Vallejo Figueroa y de la presidenta honoraria del Sistema DIF Michoac\u00e1n, Patricia Mora de Vallejo, trabajar a favor de las ni\u00f1as y ni\u00f1os, por lo que invit\u00f3 a los presentes a continuar aportando a la Casa de Cuna, y a pasar un momento agradable en compa\u00f1\u00eda de sus familias.<\/p>\n<p>La directora de la Casa Hogar, Socorro Castillo Bautista, agradeci\u00f3 la presencia y el apoyo tanto de instituciones gubernamentales, de los legisladores y de la sociedad civil, lo cuales permitir\u00e1 obtener los recursos necesarios para realizar las adecuaciones que se requieren y dar mejores condiciones a los 73 ni\u00f1as y ni\u00f1os que actualmente se atienden ah\u00ed.<\/p>\n","protected":false},"excerpt":{"rendered":"<p>Con 3 mil michoacanas y michoacanos beneficiados, este s\u00e1bado finaliz\u00f3 la Jornada de Salud Visual organizada por el Gobierno del Estado de Michoac\u00e1n con el apoyo de las Fundaciones Devlyn y One Sight.<\/p>\n","protected":false},"author":1,"featured_media":0,"comment_status":"open","ping_status":"open","sticky":false,"template":"","format":"standard","meta":{"footnotes":""},"categories":[14,3],"tags":[],"class_list":["post-5471","post","type-post","status-publish","format-standard","hentry","category-destacadas","category-gobierno-del-estado-de-michoacan"],"_links":{"self":[{"href":"https:\/\/radiowebmx.com\/nota\/wp-json\/wp\/v2\/posts\/5471","targetHints":{"allow":["GET"]}}],"collection":[{"href":"https:\/\/radiowebmx.com\/nota\/wp-json\/wp\/v2\/posts"}],"about":[{"href":"https:\/\/radiowebmx.com\/nota\/wp-json\/wp\/v2\/types\/post"}],"author":[{"embeddable":true,"href":"https:\/\/radiowebmx.com\/nota\/wp-json\/wp\/v2\/users\/1"}],"replies":[{"embeddable":true,"href":"https:\/\/radiowebmx.com\/nota\/wp-json\/wp\/v2\/comments?post=5471"}],"version-history":[{"count":1,"href":"https:\/\/radiowebmx.com\/nota\/wp-json\/wp\/v2\/posts\/5471\/revisions"}],"predecessor-version":[{"id":5473,"href":"https:\/\/radiowebmx.com\/nota\/wp-json\/wp\/v2\/posts\/5471\/revisions\/5473"}],"wp:attachment":[{"href":"https:\/\/radiowebmx.com\/nota\/wp-json\/wp\/v2\/media?parent=5471"}],"wp:term":[{"taxonomy":"category","embeddable":true,"href":"https:\/\/radiowebmx.com\/nota\/wp-json\/wp\/v2\/categories?post=5471"},{"taxonomy":"post_tag","embeddable":true,"href":"https:\/\/radiowebmx.com\/nota\/wp-json\/wp\/v2\/tags?post=5471"}],"curies":[{"name":"wp","href":"https:\/\/api.w.org\/{rel}","templated":true}]}}