{"id":5468,"date":"2014-02-17T09:53:30","date_gmt":"2014-02-17T15:53:30","guid":{"rendered":"https:\/\/radiowebmx.com\/nota\/?p=5468"},"modified":"2014-02-17T09:53:30","modified_gmt":"2014-02-17T15:53:30","slug":"en-zicuiran-hay-condiciones-para-dar-el-paso-a-la-agroindustria-del-melon-afirma-gobernador-vallejo","status":"publish","type":"post","link":"https:\/\/radiowebmx.com\/nota\/en-zicuiran-hay-condiciones-para-dar-el-paso-a-la-agroindustria-del-melon-afirma-gobernador-vallejo\/","title":{"rendered":"EN ZICUIR\u00c1N, HAY CONDICIONES PARA DAR EL PASO A LA AGROINDUSTRIA DEL MEL\u00d3N; AFIRMA GOBERNADOR VALLEJO"},"content":{"rendered":"<p><a href=\"https:\/\/radiowebmx.com\/nota\/wp-content\/uploads\/2014\/02\/DSC_2817.jpg\"><img loading=\"lazy\" decoding=\"async\" class=\"alignleft size-full wp-image-5469\" alt=\"DSC_2817\" src=\"https:\/\/radiowebmx.com\/nota\/wp-content\/uploads\/2014\/02\/DSC_2817.jpg\" width=\"591\" height=\"295\" \/><\/a>Porque tenemos las condiciones para dar paso a la agroindustria del mel\u00f3n, les apoyaremos en la producci\u00f3n de este fruto y la vamos a fortalecer, porque eso requiere Michoac\u00e1n, dar fuerza a su campo; manifest\u00f3 el gobernador Fausto Vallejo Figueroa, al inaugurar la segunda Feria del Mel\u00f3n Zicuir\u00e1n 2014.<\/p>\n<p>Al acudir como invitado de honor en compa\u00f1\u00eda del delegado de la SAGARPA en la entidad, Antonio Guzm\u00e1n Casta\u00f1eda, adem\u00e1s del secretario de Desarrollo Rural estatal, Ram\u00f3n Cano Vega y la delegada de SEDATU y madrina de esta feria, Elvira Villafranca Aguirre, el gobernador Vallejo Figueroa manifest\u00f3 que La Huacana es uno de los municipios que m\u00e1s se han favorecido del trabajo de las Centrales de Maquinaria, que apoyan principalmente, a la actividad del campo.<\/p>\n<p>Destac\u00f3 que esta importante Feria, que tambi\u00e9n se enmarca dentro del 75 aniversario de fundaci\u00f3n del ejido de Zicuir\u00e1n, habr\u00e1 de fortalecerse, puesto que impulsa la comercializaci\u00f3n del mel\u00f3n y por ende, la generaci\u00f3n de mayor derrama econ\u00f3mica para los habitantes de la tenencia y el municipio, de ah\u00ed que tambi\u00e9n acudi\u00f3 a esta inauguraci\u00f3n la directora de la Comisi\u00f3n de Ferias, Exposiciones y Eventos del Estado (COFEEEM), Susana Ju\u00e1rez Dom\u00ednguez.<\/p>\n<p>Fausto Vallejo anunci\u00f3 que la pr\u00f3xima semana visitar\u00e1 tambi\u00e9n el municipio de Buenavista, para tener un acercamiento con los productores y habitantes.<\/p>\n<p>El presidente municipal de La Huacana, Alfonso M\u00e9ndez Ch\u00e1vez, record\u00f3 que la gente de Zicuir\u00e1n y en general de La Huacana, son personas nobles, de trabajo y productivas, que requieren de la agroindustria del mel\u00f3n y lim\u00f3n persa, para obtener mayores recursos de esta actividad y alejar a la juventud de vicios y otros actos negativos.<\/p>\n<p>Record\u00f3 que el a\u00f1o pasado la SAGARPA apoy\u00f3 con 5 millones de pesos para un parque fr\u00edo; pero sobre todo destac\u00f3 que es conveniente apostarle a esta industria que en el municipio deja una derrama econ\u00f3mica de al menos 45 millones de pesos por temporada, genera 500 empleos directos y m\u00e1s 2 mil indirectos. \u201cLa agroindustria es lo que necesita la regi\u00f3n y el Estado para generar riqueza para la poblaci\u00f3n\u201d, dijo.<\/p>\n<p>En tanto que Ulises S\u00e1nchez Garibay, presidente de la Sociedad Melonera de Zicuir\u00e1n, record\u00f3 que en la \u00faltima temporada alrededor de 200 hect\u00e1reas ya emplasticadas del fruto y un 40 por ciento de la producci\u00f3n preparada para la comercializaci\u00f3n, se perdieron a causa de los da\u00f1os que tanto en lo cultivos como en las v\u00edas de comunicaci\u00f3n se presentaron a ra\u00edz del fen\u00f3meno meteorol\u00f3gico \u201cManuel\u201d.<\/p>\n<p>No obstante se\u00f1al\u00f3 que la fuerza de trabajo y el entusiasmo de los productores no merman, puesto que pretenden que los hijos de los ejidatarios se conviertan en productores de \u00e9xito el d\u00eda de ma\u00f1ana, por lo que requiri\u00f3 al gobernador Fausto Vallejo,\u00a0 les sigan apoyando.<\/p>\n<p>El representante de los productores refiri\u00f3 que la sociedad de Agronegocios La Galera, da oportunidad de trabajo a muchas familias del municipio y ahora se apoyan de la tecnolog\u00eda precisamente para dar el paso a la agroindustria.<\/p>\n<p>Para esas familias, solicit\u00f3 el apoyo del gobierno federal para que se les pueda apoyar en la construcci\u00f3n de 400 viviendas, sobre todo a quienes viven en condiciones de vulnerabilidad.<\/p>\n<p>De inmediato, obtuvo una respuesta de la delegada de la SEDATU, Elvira Villafranca, quien manifest\u00f3 que el secretario federal de dicha dependencia, Jorge Carlos Ram\u00edrez Mar\u00edn, ya autoriz\u00f3 para Michoac\u00e1n construir mil viviendas para las familias de escasos recursos de la regi\u00f3n de Tierra Caliente, con recurso cien por ciento federal.<\/p>\n<p>\u201cVeremos c\u00f3mo logramos llevar a las casas, los ejidos, las comunidades y tenencias la presencia del Gobierno Federal; el Gobierno de la Rep\u00fablica est\u00e1 poniendo los ojos sobre ustedes los michoacanos, gracias a las gestiones del gobernador Fausto Vallejo\u201d, dijo la delegada.<\/p>\n<p><b>MICHOAC\u00c1N, CUARTO ESTADO EN EL PA\u00cdS CON MAYOR PRODUCCI\u00d3N DE MEL\u00d3N<\/b><\/p>\n<p>De acuerdo a informaci\u00f3n de Ram\u00f3n Cano Vega, secretario de la Sedru, Michoac\u00e1n es el cuarto estado de la Rep\u00fablica con mayor producci\u00f3n de mel\u00f3n, al generar cerca de 101 mil 700 toneladas por a\u00f1o y ocupa el noveno lugar en cuanto a exportaci\u00f3n de este fruto, ya que el 80 por ciento de su producci\u00f3n, se env\u00eda a Estados Unidos y Jap\u00f3n.<\/p>\n<p>En La Huacana son 200 hect\u00e1reas de mel\u00f3n las que se cultivan por temporada, cada una de las cuales aporta cerca de 40 toneladas del fruto y da empleo a m\u00e1s de 2 mil michoacanos, con una derrama econ\u00f3mica de alrededor de 45 millones de pesos.<\/p>\n<p>Los municipios con mayor producci\u00f3n de mel\u00f3n en la entidad son Huetamo con 12 mil hect\u00e1reas, San Lucas con 3 mil y Tiquicheo con alrededor de 500 hect\u00e1reas.<\/p>\n<p>De acuerdo al funcionario estatal, los municipios de Gabriel Zamora y M\u00fagica tambi\u00e9n est\u00e1n interesados en aumentar su producci\u00f3n de mel\u00f3n a gran escala, para introducirlo a m\u00e1s mercados.<\/p>\n<p>Fueron part\u00edcipes de la inauguraci\u00f3n de esta Feria, el titular de Cplade, Octavio Aparicio Mendoza; los presidentes municipales de Gabriel Zamora, J. Jes\u00fas Borjas Infante; de Churumuco, Gildardo Barrera Estrada; de Arteaga, Jos\u00e9 Garc\u00eda Cuevas; de M\u00fagica, Casimiro Quezada Casillas; y Uruapan, Aldo Mac\u00edas Alejandres; adem\u00e1s de Luc\u00eda<\/p>\n<p>&nbsp;<\/p>\n<p>Sandoval Renter\u00eda, directora de Desarrollo Social del municipio, entre otros funcionarios estatales y municipales.<\/p>\n<p>Acudieron tambi\u00e9n el diputado federal por el Distrito I de L\u00e1zaro C\u00e1rdenas, Rodimiro Barrera Estrada; as\u00ed como el legislador local por el Distrito XXII de M\u00fagica,\u00a0 Salom\u00f3n Fernando Rosales Reyes.<\/p>\n","protected":false},"excerpt":{"rendered":"<p>Porque tenemos las condiciones para dar paso a la agroindustria del mel\u00f3n, les apoyaremos en la producci\u00f3n de este fruto y la vamos a fortalecer, porque eso requiere Michoac\u00e1n, dar fuerza a su campo; manifest\u00f3 el gobernador Fausto Vallejo Figueroa, al inaugurar la segunda Feria del Mel\u00f3n Zicuir\u00e1n 2014.<\/p>\n","protected":false},"author":1,"featured_media":0,"comment_status":"open","ping_status":"open","sticky":false,"template":"","format":"standard","meta":{"footnotes":""},"categories":[14,3],"tags":[],"class_list":["post-5468","post","type-post","status-publish","format-standard","hentry","category-destacadas","category-gobierno-del-estado-de-michoacan"],"_links":{"self":[{"href":"https:\/\/radiowebmx.com\/nota\/wp-json\/wp\/v2\/posts\/5468","targetHints":{"allow":["GET"]}}],"collection":[{"href":"https:\/\/radiowebmx.com\/nota\/wp-json\/wp\/v2\/posts"}],"about":[{"href":"https:\/\/radiowebmx.com\/nota\/wp-json\/wp\/v2\/types\/post"}],"author":[{"embeddable":true,"href":"https:\/\/radiowebmx.com\/nota\/wp-json\/wp\/v2\/users\/1"}],"replies":[{"embeddable":true,"href":"https:\/\/radiowebmx.com\/nota\/wp-json\/wp\/v2\/comments?post=5468"}],"version-history":[{"count":1,"href":"https:\/\/radiowebmx.com\/nota\/wp-json\/wp\/v2\/posts\/5468\/revisions"}],"predecessor-version":[{"id":5470,"href":"https:\/\/radiowebmx.com\/nota\/wp-json\/wp\/v2\/posts\/5468\/revisions\/5470"}],"wp:attachment":[{"href":"https:\/\/radiowebmx.com\/nota\/wp-json\/wp\/v2\/media?parent=5468"}],"wp:term":[{"taxonomy":"category","embeddable":true,"href":"https:\/\/radiowebmx.com\/nota\/wp-json\/wp\/v2\/categories?post=5468"},{"taxonomy":"post_tag","embeddable":true,"href":"https:\/\/radiowebmx.com\/nota\/wp-json\/wp\/v2\/tags?post=5468"}],"curies":[{"name":"wp","href":"https:\/\/api.w.org\/{rel}","templated":true}]}}