{"id":5464,"date":"2014-02-17T09:48:37","date_gmt":"2014-02-17T15:48:37","guid":{"rendered":"https:\/\/radiowebmx.com\/nota\/?p=5464"},"modified":"2014-02-17T09:48:37","modified_gmt":"2014-02-17T15:48:37","slug":"lo-que-requerimos-es-muy-claro-generar-empleos-fausto-vallejo","status":"publish","type":"post","link":"https:\/\/radiowebmx.com\/nota\/lo-que-requerimos-es-muy-claro-generar-empleos-fausto-vallejo\/","title":{"rendered":"LO QUE REQUERIMOS ES MUY CLARO; GENERAR EMPLEOS:                   FAUSTO VALLEJO"},"content":{"rendered":"<p><a href=\"https:\/\/radiowebmx.com\/nota\/wp-content\/uploads\/2014\/02\/DSC_2161.jpg\"><img loading=\"lazy\" decoding=\"async\" class=\"alignleft size-full wp-image-5465\" alt=\"DSC_2161\" src=\"https:\/\/radiowebmx.com\/nota\/wp-content\/uploads\/2014\/02\/DSC_2161.jpg\" width=\"591\" height=\"324\" \/><\/a>Tal como lo prometi\u00f3 en campa\u00f1a, el gobernador Fausto Vallejo Figueroa, regres\u00f3 a esta tenencia del municipio de La Huacana, para respaldar y reforzar los proyectos productivos que permitan a los habitantes de la regi\u00f3n contar con oportunidades de empleo y desarrollo.<\/p>\n<p>Al inaugurar un circuito de pavimentaciones ecol\u00f3gicas que requirieron de una inversi\u00f3n de casi 5 millones de pesos, el mandatario estatal reconoci\u00f3 que el 90 por ciento de los detenidos y fallecidos por el fen\u00f3meno de la violencia, son j\u00f3venes de entre 17 y 29 a\u00f1os de edad; es decir, lo mejor y m\u00e1s rico de los habitantes del Estado, su juventud, est\u00e1 cayendo en manos de la delincuencia, por lo que es de urgente necesidad el brindarles mayores oportunidades.<\/p>\n<p>&#8220;Lo que requerimos es muy claro, la generaci\u00f3n de empleos y en eso estamos trabajando; en la Federaci\u00f3n, el presidente Enrique Pe\u00f1a Nieto, ha entendido que para solucionar verdaderamente el problema de la inseguridad en Michoac\u00e1n, necesitamos el desarrollo integral, por eso ha venido y por eso tambi\u00e9n est\u00e1n aqu\u00ed sus secretarios&#8221;, manifest\u00f3.<\/p>\n<p>Vallejo Figueroa mencion\u00f3 en el mismo sentido, que ese respaldo federal se ven\u00eda solicitando desde hace dos a\u00f1os, en el inicio de su gobierno, pues Michoac\u00e1n lo requer\u00eda desde hace m\u00e1s de una d\u00e9cada, \u201cen la cual tuvo una sequ\u00eda financiera y no se merece eso\u201d, de ah\u00ed que se trabaja en coordinaci\u00f3n con el Gobierno de la Rep\u00fablica y los municipios, para juntos, sacar avante diversos proyectos que signifiquen una mejora en la calidad de vida de las familias.<\/p>\n<p>El gobernador Fausto Vallejo Figueroa y el presidente municipal de La Huacana, Alfonso M\u00e9ndez Ch\u00e1vez, inauguraron la pavimentaci\u00f3n y empedrado ecol\u00f3gico de las calles Las Tamacuas, que abarca 500 metros cuadrados, y Vista Hermosa, de 200 metros cuadrados, que forman parte del Programa de Obra Convenida donde el Estado aport\u00f3 2 millones 906 mil 829 pesos y el municipio particip\u00f3 con 2 millones 087 mil 722 pesos, a favor de 3 mil 215 habitantes.<\/p>\n<p>El jefe del Ejecutivo estatal mencion\u00f3 que el Gobierno del Estado ha apoyado a La Huacana con diversas obras y acciones, como el equipamiento odontol\u00f3gico del Hospital Comunitario con un recurso de 686 mil pesos y la propia rehabilitaci\u00f3n de dicho nosocomio que ya inici\u00f3 la Secretar\u00eda de Salud estatal con un presupuesto de 5 millones de pesos.<\/p>\n<p>Tambi\u00e9n habl\u00f3 de la conservaci\u00f3n del camino La Huacana-Cuimbo-Poturo que est\u00e1 en proceso y en el cual se destinan 27 millones de pesos.<\/p>\n<p>La administraci\u00f3n estatal apoya adem\u00e1s en la construcci\u00f3n de la planta de tratamiento de aguas residuales de Zicuir\u00e1n, la cual presenta un avance del 50 por ciento y en la cual participa con 8 millones de pesos.<\/p>\n<p>La obra m\u00e1s significativa, dijo, es la construcci\u00f3n de la Guarder\u00eda para hijos de madres trabajadoras no asalariadas, en la cual se invirtieron 12 millones de pesos y est\u00e1 por culminar, por lo que en un mes aproximadamente, acudir\u00e1 a la cabecera municipal de La Huacana a inaugurarla. Afirm\u00f3 que este tipo de guarder\u00edas que pretenden llevar calidad de vida a los peque\u00f1os cuyas madres son el sustento de su hogar, se continuar\u00e1n construyendo en distintos puntos de la geograf\u00eda estatal.<\/p>\n<p>En lo referente a Obra Convenida, en 2013 se ejercieron en este municipio recursos por 10.5 millones de pesos, de los cuales el gobierno de Michoac\u00e1n particip\u00f3 con el 60 por ciento.<\/p>\n<p>En su intervenci\u00f3n, el edil Alfonso M\u00e9ndez, resalt\u00f3 la pr\u00f3xima construcci\u00f3n del puente Zicuir\u00e1n, mismo que colaps\u00f3 ante el desbordamiento que ocasion\u00f3 la tormenta tropical \u201cManuel\u201d, y que gracias a las gestiones del gobernador Fausto Vallejo, ser\u00e1 construido de nueva cuenta por la Secretar\u00eda de Comunicaciones y Transportes federal, con un costo de 32 millones de pesos.<\/p>\n<p>El mun\u00edcipe mencion\u00f3 adem\u00e1s que por instrucci\u00f3n del mandatario estatal, la Secretar\u00eda de Comunicaciones y Obras P\u00fablicas estatal (SCOP), iniciar\u00e1 este a\u00f1o la construcci\u00f3n del rastro municipal, una demanda muy antigua de los ganaderos de esta regi\u00f3n y que tambi\u00e9n fue una promesa de campa\u00f1a de Fausto Vallejo.<\/p>\n<p>\u201cQuiero decirle que tenemos mucha fe en que juntos saldremos adelante y sabremos cumplir las expectativas de los michoacanos\u201d, dijo M\u00e9ndez Ch\u00e1vez, al tiempo que se comprometi\u00f3 a aplicar los recursos con transparencia.<\/p>\n","protected":false},"excerpt":{"rendered":"<p>Tal como lo prometi\u00f3 en campa\u00f1a, el gobernador Fausto Vallejo Figueroa, regres\u00f3 a esta tenencia del municipio de La Huacana, para respaldar y reforzar los proyectos productivos que permitan a los habitantes de la regi\u00f3n contar con oportunidades de empleo y desarrollo.<\/p>\n","protected":false},"author":1,"featured_media":0,"comment_status":"open","ping_status":"open","sticky":false,"template":"","format":"standard","meta":{"footnotes":""},"categories":[14,3],"tags":[],"class_list":["post-5464","post","type-post","status-publish","format-standard","hentry","category-destacadas","category-gobierno-del-estado-de-michoacan"],"_links":{"self":[{"href":"https:\/\/radiowebmx.com\/nota\/wp-json\/wp\/v2\/posts\/5464","targetHints":{"allow":["GET"]}}],"collection":[{"href":"https:\/\/radiowebmx.com\/nota\/wp-json\/wp\/v2\/posts"}],"about":[{"href":"https:\/\/radiowebmx.com\/nota\/wp-json\/wp\/v2\/types\/post"}],"author":[{"embeddable":true,"href":"https:\/\/radiowebmx.com\/nota\/wp-json\/wp\/v2\/users\/1"}],"replies":[{"embeddable":true,"href":"https:\/\/radiowebmx.com\/nota\/wp-json\/wp\/v2\/comments?post=5464"}],"version-history":[{"count":2,"href":"https:\/\/radiowebmx.com\/nota\/wp-json\/wp\/v2\/posts\/5464\/revisions"}],"predecessor-version":[{"id":5467,"href":"https:\/\/radiowebmx.com\/nota\/wp-json\/wp\/v2\/posts\/5464\/revisions\/5467"}],"wp:attachment":[{"href":"https:\/\/radiowebmx.com\/nota\/wp-json\/wp\/v2\/media?parent=5464"}],"wp:term":[{"taxonomy":"category","embeddable":true,"href":"https:\/\/radiowebmx.com\/nota\/wp-json\/wp\/v2\/categories?post=5464"},{"taxonomy":"post_tag","embeddable":true,"href":"https:\/\/radiowebmx.com\/nota\/wp-json\/wp\/v2\/tags?post=5464"}],"curies":[{"name":"wp","href":"https:\/\/api.w.org\/{rel}","templated":true}]}}