{"id":5461,"date":"2014-02-13T12:51:41","date_gmt":"2014-02-13T18:51:41","guid":{"rendered":"https:\/\/radiowebmx.com\/nota\/?p=5461"},"modified":"2014-02-13T12:51:41","modified_gmt":"2014-02-13T18:51:41","slug":"a-traves-de-formacion-de-deportistas-construiremos-un-mejor-michoacan-sebastian-naranjo-blanco","status":"publish","type":"post","link":"https:\/\/radiowebmx.com\/nota\/a-traves-de-formacion-de-deportistas-construiremos-un-mejor-michoacan-sebastian-naranjo-blanco\/","title":{"rendered":"A trav\u00e9s de formaci\u00f3n de deportistas construiremos un mejor Michoac\u00e1n: Sebasti\u00e1n Naranjo Blanco"},"content":{"rendered":"<p><a href=\"https:\/\/radiowebmx.com\/nota\/wp-content\/uploads\/2013\/08\/Dip.-Sebasti\u00e1n-Naranjo.jpg\"><img loading=\"lazy\" decoding=\"async\" class=\"alignleft size-full wp-image-3584\" alt=\"Dip. Sebasti\u00e1n Naranjo\" src=\"https:\/\/radiowebmx.com\/nota\/wp-content\/uploads\/2013\/08\/Dip.-Sebasti\u00e1n-Naranjo.jpg\" width=\"591\" height=\"320\" \/><\/a>\u201cEs importante fomenta<b>r<\/b>\u00a0e impulsar la cultura del deporte, con el objetivo de generar un desarrollo arm\u00f3nico que permita coadyuvar al crecimiento del Estado\u201d, as\u00ed lo manifest\u00f3 el diputado Sebasti\u00e1n Naranjo Blanco.<\/p>\n<p>Lo anterior, luego de que el legislador de Acci\u00f3n Nacional, hiciera entrega a la Asociaci\u00f3n Michoacana de Raquetbol, a trav\u00e9s de sus representantes el licenciado Roberto Rodr\u00edguez Pe\u00f1a como Presidente de la Asociaci\u00f3n, el Arquitecto Javier \u00c1lvarez Aguilar, Vicepresidente, y su secretario V\u00edctor Rafael R\u00edos Burgos; apoyo de material para la construcci\u00f3n del Centro de Alto Rendimiento de Raquetbol (CARR), mismo que estar\u00e1 ubicado dentro de las instalaciones de la Unidad Deportiva \u201c12 de Mayo\u201d del municipio de los Reyes, Michoac\u00e1n.<\/p>\n<p>El parlamentario albiazul resalt\u00f3 que dicha obra que constar\u00e1 de seis canchas con caracter\u00edsticas profesionales, estar\u00e1 en condiciones aptas para ser sede en eventos nacionales como olimpiadas y otros torneos en la materia, adem\u00e1s de convertirse en el primer Centro de alto rendimiento de dicho deporte, \u201cla finalidad principal de este proyecto, es la formaci\u00f3n de deportistas, que desde la ni\u00f1ez se induzca a la pr\u00e1ctica de una actividad de agilidad, rapidez y habilidad mental como se requiere para entrenar el Raquetbol\u201d, enfatiz\u00f3.<\/p>\n<p>Asimismo, Naranjo Blanco expres\u00f3 que el tambi\u00e9n deporte extremo de raqueta estar\u00e1 al alcance de todos los habitantes de los municipios de Los Reyes, Perib\u00e1n, Tocumbo, Ting\u00fcindin y Cotija, \u201cla ense\u00f1anza se impartir\u00e1 por un costo simb\u00f3lico, dando acceso a toda la sociedad ya que actualmente en el Estado existen tres canchas las cuales pertenecen\u00a0 a clubes privados, limitando el acceso a tal deporte s\u00f3lo a personas con los recursos econ\u00f3micos necesarios\u201d, puntualiz\u00f3.<\/p>\n<p>Finalmente se\u00f1al\u00f3, \u201ces necesario generar condiciones que permitan promover la pr\u00e1ctica de este deporte, que beneficia a que las personas que lo practiquen, en especial los ni\u00f1os y j\u00f3venes encuentren un equilibrio en su vida, alej\u00e1ndolos de situaciones y circunstancia nocivas para su salud y as\u00ed como de su entorno, dando calidad de vida f\u00edsica y mentalmente, formando ciudadanos que brindaran lo mejor de si para concebir un mejor Michoac\u00e1n\u201d, concluy\u00f3.<\/p>\n","protected":false},"excerpt":{"rendered":"<p>\u201cEs importante fomentar e impulsar la cultura del deporte, con el objetivo de generar un desarrollo arm\u00f3nico que permita coadyuvar al crecimiento del Estado\u201d, as\u00ed lo manifest\u00f3 el diputado Sebasti\u00e1n Naranjo Blanco.<\/p>\n","protected":false},"author":1,"featured_media":0,"comment_status":"open","ping_status":"open","sticky":false,"template":"","format":"standard","meta":{"footnotes":""},"categories":[6,14,8],"tags":[],"class_list":["post-5461","post","type-post","status-publish","format-standard","hentry","category-congreso-del-estado","category-destacadas","category-grupo-parlamentario-del-pan"],"_links":{"self":[{"href":"https:\/\/radiowebmx.com\/nota\/wp-json\/wp\/v2\/posts\/5461","targetHints":{"allow":["GET"]}}],"collection":[{"href":"https:\/\/radiowebmx.com\/nota\/wp-json\/wp\/v2\/posts"}],"about":[{"href":"https:\/\/radiowebmx.com\/nota\/wp-json\/wp\/v2\/types\/post"}],"author":[{"embeddable":true,"href":"https:\/\/radiowebmx.com\/nota\/wp-json\/wp\/v2\/users\/1"}],"replies":[{"embeddable":true,"href":"https:\/\/radiowebmx.com\/nota\/wp-json\/wp\/v2\/comments?post=5461"}],"version-history":[{"count":2,"href":"https:\/\/radiowebmx.com\/nota\/wp-json\/wp\/v2\/posts\/5461\/revisions"}],"predecessor-version":[{"id":5463,"href":"https:\/\/radiowebmx.com\/nota\/wp-json\/wp\/v2\/posts\/5461\/revisions\/5463"}],"wp:attachment":[{"href":"https:\/\/radiowebmx.com\/nota\/wp-json\/wp\/v2\/media?parent=5461"}],"wp:term":[{"taxonomy":"category","embeddable":true,"href":"https:\/\/radiowebmx.com\/nota\/wp-json\/wp\/v2\/categories?post=5461"},{"taxonomy":"post_tag","embeddable":true,"href":"https:\/\/radiowebmx.com\/nota\/wp-json\/wp\/v2\/tags?post=5461"}],"curies":[{"name":"wp","href":"https:\/\/api.w.org\/{rel}","templated":true}]}}