{"id":5458,"date":"2014-02-14T12:49:56","date_gmt":"2014-02-14T18:49:56","guid":{"rendered":"https:\/\/radiowebmx.com\/nota\/?p=5458"},"modified":"2014-03-05T11:07:17","modified_gmt":"2014-03-05T17:07:17","slug":"programa-escuelas-de-calidad-ejemplo-de-una-sociedad-democratica-jesus-sierra-arias","status":"publish","type":"post","link":"https:\/\/radiowebmx.com\/nota\/programa-escuelas-de-calidad-ejemplo-de-una-sociedad-democratica-jesus-sierra-arias\/","title":{"rendered":"PROGRAMA ESCUELAS DE CALIDAD, EJEMPLO DE UNA SOCIEDAD DEMOCR\u00c1TICA: JES\u00d9S SIERRA ARIAS"},"content":{"rendered":"<p><a href=\"https:\/\/radiowebmx.com\/nota\/wp-content\/uploads\/2014\/02\/4Q4A0753.jpg\"><img loading=\"lazy\" decoding=\"async\" class=\"alignleft size-full wp-image-5459\" alt=\"4Q4A0753\" src=\"https:\/\/radiowebmx.com\/nota\/wp-content\/uploads\/2014\/02\/4Q4A0753.jpg\" width=\"591\" height=\"341\" \/><\/a>\u201cSi nos preciamos de vivir en un ambiente democr\u00e1tico, uno de los requisitos fundamentales de estos reg\u00edmenes es el de la rendici\u00f3n de cuentas; es lo que hace el Programa Escuelas de Calidad (PEC), transparenta la aplicaci\u00f3n de los recursos\u201d, expuso el secretario de Educaci\u00f3n en Michoac\u00e1n, J. Jes\u00fas Sierra Arias.<\/p>\n<p>Durante la reuni\u00f3n con 16 presidentes municipales de la regi\u00f3n pur\u00e9pecha, donde se firm\u00f3 un convenio de colaboraci\u00f3n, el funcionario estatal aclar\u00f3 que al igual que en una sociedad democr\u00e1tica, el PEC rinde y transparenta sus cuentas para que los recursos p\u00fablicos cumplan su funci\u00f3n de servir a la sociedad.<\/p>\n<p>Explic\u00f3 la importancia del PEC en Michoac\u00e1n e invit\u00f3 a los ayuntamientos para que -como cada ejercicio fiscal-, colaboren con aportaciones econ\u00f3micas que impacten en la mejora de las escuelas; ya que Escuelas de Calidad establece que de cada peso que aporta el ayuntamiento, el Programa a trav\u00e9s del gobierno federal aporta otro peso y el gobierno estatal otro.<\/p>\n<p>Ante la presencia de la coordinadora Estatal del PEC, Juana Mar\u00eda Estrada Jim\u00e9nez; del coordinador de Desarrollo Social del Ayuntamiento de Uruapan, Jes\u00fas Ocampo Melchor y del encargado regional del PEC, Jorge Ramos S\u00e1nchez, Sierra Arias enfatiz\u00f3 que gracias al apoyo que brindaron los ediles de esta regi\u00f3n, en el 2013 fueron aproximadamente 8 millones de pesos los que se destinaron directamente a las escuelas, que sumado a la participaci\u00f3n estatal, subi\u00f3 a 16 millones de pesos de manera inicial, adem\u00e1s de la aportaci\u00f3n federal.<\/p>\n<p>En la reuni\u00f3n se sign\u00f3 un convenio de colaboraci\u00f3n entre los ayuntamientos, la Secretar\u00eda de Educaci\u00f3n y el PEC; al t\u00e9rmino, la coordinadora del programa, Juana Mar\u00eda Estrada coincidi\u00f3 con el secretario de Educaci\u00f3n al explicar que Escuelas de Calidad es un programa para ser mejores en la prestaci\u00f3n del servicio, para poder tener una sociedad cada d\u00eda m\u00e1s educada, con mayores valores y que permita vivir de la mejor manera posible.<\/p>\n<p>\u201cPEC tiene un manejo financiero transparente, una rendici\u00f3n de cuentas que permite evidenciar en qu\u00e9 y cu\u00e1nto gastamos, ya que es auditable\u201d, dijo.<\/p>\n<p>Estrada Jim\u00e9nez expuso ante los asistentes, que el PEC es una propuesta que tiene 12 a\u00f1os de vida en Michoac\u00e1n que favorece a la comunidad educativa, donde los maestros, directivos y padres de familia, trabajan de la mejor manera, porque se colaboran en los Consejos T\u00e9cnicos Escolares donde programan los planes de trabajo de las escuelas.<\/p>\n<p>Destac\u00f3 que\u00a0 gracias a las gestiones que realiz\u00f3 el gobernador Fausto Vallejo Figueroa y del secretario de Educaci\u00f3n, en este a\u00f1o son 3 mil 44 escuelas beneficiadas que aplican su Plan Estrat\u00e9gico en el que los maestros y padres definen qu\u00e9 van a lograr a mediano y corto plazo.<\/p>\n<p>Finalmente, es necesario precisar que en el 2013 fueron 2 mil 600 instituciones inscritas, ahora son 3 mil 44 planteles, entre incorporadas por primera vez y reincorporadas, con una poblaci\u00f3n beneficiada de 311 mil 330 alumnos, 3 mil 44 directores, en los 113 municipios del estado. Adem\u00e1s, Michoac\u00e1n es la \u00fanica entidad en el que sus directores escolares no pagan por obtener una certificaci\u00f3n de procesos en su labor.<\/p>\n","protected":false},"excerpt":{"rendered":"<p>\u201cSi nos preciamos de vivir en un ambiente democr\u00e1tico, uno de los requisitos fundamentales de estos reg\u00edmenes es el de la rendici\u00f3n de cuentas; es lo que hace el Programa Escuelas de Calidad (PEC), transparenta la aplicaci\u00f3n de los recursos\u201d, <\/p>\n","protected":false},"author":1,"featured_media":0,"comment_status":"open","ping_status":"open","sticky":false,"template":"","format":"standard","meta":{"footnotes":""},"categories":[14,3],"tags":[],"class_list":["post-5458","post","type-post","status-publish","format-standard","hentry","category-destacadas","category-gobierno-del-estado-de-michoacan"],"_links":{"self":[{"href":"https:\/\/radiowebmx.com\/nota\/wp-json\/wp\/v2\/posts\/5458","targetHints":{"allow":["GET"]}}],"collection":[{"href":"https:\/\/radiowebmx.com\/nota\/wp-json\/wp\/v2\/posts"}],"about":[{"href":"https:\/\/radiowebmx.com\/nota\/wp-json\/wp\/v2\/types\/post"}],"author":[{"embeddable":true,"href":"https:\/\/radiowebmx.com\/nota\/wp-json\/wp\/v2\/users\/1"}],"replies":[{"embeddable":true,"href":"https:\/\/radiowebmx.com\/nota\/wp-json\/wp\/v2\/comments?post=5458"}],"version-history":[{"count":3,"href":"https:\/\/radiowebmx.com\/nota\/wp-json\/wp\/v2\/posts\/5458\/revisions"}],"predecessor-version":[{"id":5858,"href":"https:\/\/radiowebmx.com\/nota\/wp-json\/wp\/v2\/posts\/5458\/revisions\/5858"}],"wp:attachment":[{"href":"https:\/\/radiowebmx.com\/nota\/wp-json\/wp\/v2\/media?parent=5458"}],"wp:term":[{"taxonomy":"category","embeddable":true,"href":"https:\/\/radiowebmx.com\/nota\/wp-json\/wp\/v2\/categories?post=5458"},{"taxonomy":"post_tag","embeddable":true,"href":"https:\/\/radiowebmx.com\/nota\/wp-json\/wp\/v2\/tags?post=5458"}],"curies":[{"name":"wp","href":"https:\/\/api.w.org\/{rel}","templated":true}]}}