{"id":5453,"date":"2014-02-13T12:40:14","date_gmt":"2014-02-13T18:40:14","guid":{"rendered":"https:\/\/radiowebmx.com\/nota\/?p=5453"},"modified":"2014-02-13T12:42:47","modified_gmt":"2014-02-13T18:42:47","slug":"enuf-invita-a-analizar-la-reforma-educativa","status":"publish","type":"post","link":"https:\/\/radiowebmx.com\/nota\/enuf-invita-a-analizar-la-reforma-educativa\/","title":{"rendered":"ENUF INVITA A ANALIZAR LA REFORMA EDUCATIVA"},"content":{"rendered":"<p>Con el objetivo de reflexionar sobre las implicaciones, consecuencias, discrepancias y beneficios de la Reforma Educativa, la Escuela Normal Urbana Federal \u201cProfr. J. Jes\u00fas Romero Flores\u201d realizar\u00e1 del 19 al 21 de marzo el XXV Coloquio de Actualizaci\u00f3n Docente, que en esta ocasi\u00f3n est\u00e1 denominado \u201cLa encrucijada de la Educaci\u00f3n despu\u00e9s de la Reforma.<\/p>\n<p>El director de la ENUF, Jos\u00e9 S\u00e1nchez Gaona, expuso que despu\u00e9s de las tribulaciones inherentes a la aprobaci\u00f3n de la reforma educativa y despu\u00e9s de periodos de cambios e incertidumbre, es momento de reflexionar acerca de las implicaciones de este trascendente proceso que involucra a la sociedad en su conjunto.<\/p>\n<p>Precis\u00f3 que es tiempo de pensar en lo que es deseable y confrontarlo con lo que es posible, analizar con ayuda de los expertos los dilemas derivados de la puesta en pr\u00e1ctica de los aspectos normativos y curriculares.<\/p>\n<p>Es momento para analizar todo lo que se debe mover o contribuir a cada uno de los protagonistas desde las perspectivas te\u00f3rica, metodol\u00f3gica y actitudinal; por ello es necesario plantear an\u00e1lisis y discusiones acad\u00e9micas en tres ejes fundamentales: social, institucional y \u00e1ulico (pr\u00e1ctica docente).<\/p>\n<p>Para realizar este espacio de an\u00e1lisis en el que se espera la participaci\u00f3n de m\u00e1s de mil personas, entre acad\u00e9micos, docentes, estudiantes y poblaci\u00f3n en general, se tendr\u00e1n actividades matutinas con conferencias magistrales, paneles por expertos de nivel nacional e internacional; en las tardes se ofrecer\u00e1n talleres, conversatorios, cine debate y presentaciones de libros, as\u00ed como eventos culturales.<\/p>\n<p>Los ponentes que participar\u00e1n este 19, 20 y 21 de marzo en el Teatro Morelos, del Centro de Convenciones y Exposiciones de Morelia, lugar donde se desarrollar\u00e1 el Coloquio son: Antoni Zabala I Vidiella con su ponencia \u201cEl papel de la escuela en cuesti\u00f3n, nuevas perspectivas y viejas resistencias\u201d; Mar\u00eda del Socorro Tapia hablar\u00e1 sobre \u201cLa participaci\u00f3n social de los padres de familia en el marco de una reforma educativa: inclusi\u00f3n necesaria\u201d; Patricia Ganem Alarc\u00f3n, ofrecer\u00e1 \u201cLa Reconstrucci\u00f3n del Tejido Social: un imperativo para el verdadero cambio en educaci\u00f3n\u201d.<\/p>\n<p>Tambi\u00e9n acudir\u00e1n los ponentes Sergio Rom\u00e1n Morales con su participaci\u00f3n \u201cLo que nos ense\u00f1a la Historia y la Geograf\u00eda de las Reformas Educativas\u201d; Laura Cervantes y Roberto Romero impartir\u00e1n \u201cLa inclusi\u00f3n social como forma de vida: su g\u00e9nesis y reflejo en el microcosmos de la escuela\u201d; tambi\u00e9n Patricia Frola Ruiz con su tema \u201cEl uso de los resultados de las evaluaciones para la toma de decisiones relevantes en el \u00e1mbito educativa\u201d; Yolanda Santill\u00e1n y Carmen de la Pe\u00f1a ofrecer\u00e1n \u201cEl Replanteamiento de la escuela como organizaci\u00f3n que aprende\u201d; Jorge Barr\u00f3n dictar\u00e1 \u201cLas competencias docentes en la mira\u201d y Jos\u00e9 de Jes\u00fas Vel\u00e1squez quienes dar\u00e1n la ponencia \u201cLa evaluaci\u00f3n cualitativa del aprendizaje: de la ambig\u00fcedad conceptual a la certeza metodol\u00f3gica\u201d.<\/p>\n<p>Para mayores informes e inscripciones pueden acudir a Avenida Acueducto No.20 en las instalaciones de la ENUF, a los tel\u00e9fonos y fax 3 12 29 09 y 312 64 35; al correo electr\u00f3nico <a href=\"mailto:enuf@prodigy.net.mx\">enuf@prodigy.net.mx<\/a> o a la p\u00e1gina de internet <a href=\"http:\/\/www.enufmorelia.edu.mx\/\">www.enufmorelia.edu.mx<\/a>. El costo de la inscripci\u00f3n general es de 600 pesos con el n\u00famero de cuenta de Bancomer 1274879120.<\/p>\n<p>&nbsp;<\/p>\n<p><strong>\u00a0<\/strong><\/p>\n","protected":false},"excerpt":{"rendered":"<p>Con el objetivo de reflexionar sobre las implicaciones, consecuencias, discrepancias y beneficios de la Reforma Educativa, la Escuela Normal Urbana Federal \u201cProfr. J. Jes\u00fas Romero Flores\u201d<\/p>\n","protected":false},"author":1,"featured_media":0,"comment_status":"open","ping_status":"open","sticky":false,"template":"","format":"standard","meta":{"footnotes":""},"categories":[3],"tags":[],"class_list":["post-5453","post","type-post","status-publish","format-standard","hentry","category-gobierno-del-estado-de-michoacan"],"_links":{"self":[{"href":"https:\/\/radiowebmx.com\/nota\/wp-json\/wp\/v2\/posts\/5453","targetHints":{"allow":["GET"]}}],"collection":[{"href":"https:\/\/radiowebmx.com\/nota\/wp-json\/wp\/v2\/posts"}],"about":[{"href":"https:\/\/radiowebmx.com\/nota\/wp-json\/wp\/v2\/types\/post"}],"author":[{"embeddable":true,"href":"https:\/\/radiowebmx.com\/nota\/wp-json\/wp\/v2\/users\/1"}],"replies":[{"embeddable":true,"href":"https:\/\/radiowebmx.com\/nota\/wp-json\/wp\/v2\/comments?post=5453"}],"version-history":[{"count":4,"href":"https:\/\/radiowebmx.com\/nota\/wp-json\/wp\/v2\/posts\/5453\/revisions"}],"predecessor-version":[{"id":5456,"href":"https:\/\/radiowebmx.com\/nota\/wp-json\/wp\/v2\/posts\/5453\/revisions\/5456"}],"wp:attachment":[{"href":"https:\/\/radiowebmx.com\/nota\/wp-json\/wp\/v2\/media?parent=5453"}],"wp:term":[{"taxonomy":"category","embeddable":true,"href":"https:\/\/radiowebmx.com\/nota\/wp-json\/wp\/v2\/categories?post=5453"},{"taxonomy":"post_tag","embeddable":true,"href":"https:\/\/radiowebmx.com\/nota\/wp-json\/wp\/v2\/tags?post=5453"}],"curies":[{"name":"wp","href":"https:\/\/api.w.org\/{rel}","templated":true}]}}