{"id":5449,"date":"2014-02-13T12:39:12","date_gmt":"2014-02-13T18:39:12","guid":{"rendered":"https:\/\/radiowebmx.com\/nota\/?p=5449"},"modified":"2014-02-13T12:39:12","modified_gmt":"2014-02-13T18:39:12","slug":"arranca-en-zamora-serie-de-foros-de-vinculacion-y-participacion-ciudadana","status":"publish","type":"post","link":"https:\/\/radiowebmx.com\/nota\/arranca-en-zamora-serie-de-foros-de-vinculacion-y-participacion-ciudadana\/","title":{"rendered":"ARRANCA EN ZAMORA,  SERIE DE FOROS DE VINCULACI\u00d3N Y PARTICIPACI\u00d3N CIUDADANA"},"content":{"rendered":"<p><a href=\"https:\/\/radiowebmx.com\/nota\/wp-content\/uploads\/2014\/02\/foro-zamora-02.jpg\"><img loading=\"lazy\" decoding=\"async\" class=\"alignleft size-full wp-image-5451\" alt=\"foro zamora 02\" src=\"https:\/\/radiowebmx.com\/nota\/wp-content\/uploads\/2014\/02\/foro-zamora-02.jpg\" width=\"591\" height=\"257\" \/><\/a>Con la finalidad de acercar a la sociedad civil organizada, la informaci\u00f3n sobre programas espec\u00edficos de las dependencias de la administraci\u00f3n p\u00fablica estatal y de las delegaciones federales en la entidad, la Secretar\u00eda de Gobierno por conducto de la Direcci\u00f3n de Relaci\u00f3n con Organizaciones llev\u00f3 a cabo en esta cabecera municipal el Foro Regional de Informaci\u00f3n y Vinculaci\u00f3n para la Participaci\u00f3n Ciudadana.<\/p>\n<p>&nbsp;<\/p>\n<p>Con la presencia y participaci\u00f3n de m\u00e1s de 300 miembros de aproximadamente 40 organizaciones de la regi\u00f3n, el evento desarrollado en el Teatro Don Bosco estuvo caracterizado por la impartici\u00f3n de ponencias por parte de servidores p\u00fablicos estatales y federales, en las cuales se dieron a conocer los programas y sus respectivas reglas de operaci\u00f3n.<\/p>\n<p>&nbsp;<\/p>\n<p>En el acto de inauguraci\u00f3n, el director de Relaci\u00f3n con Organizaciones, Armando Medina Torres expres\u00f3 a los presentes su gratitud y reconocimiento por acudir al llamado del Gobierno del Estado a este importante foro informativo que, dicho sea de paso, ser\u00e1 el primero de varios a realizarse bajo este mismo formato en las diversas regiones del estado.<\/p>\n<p>&nbsp;<\/p>\n<p>Dijo que para la actual administraci\u00f3n que encabeza Fausto Vallejo Figueroa, la vinculaci\u00f3n y la participaci\u00f3n ciudadana es fundamental, motivo por el cual, eventos como este generan una relaci\u00f3n mucho m\u00e1s estrecha entre sociedad y gobierno.<\/p>\n<p>&nbsp;<\/p>\n<p>\u201cEsta participaci\u00f3n conjunta es la mejor manera de resolver la problem\u00e1tica de la comunidad, de la colonia, del ejido, del municipio, resaltamos la importancia de una buena relaci\u00f3n institucional con base en el respeto y colaboraci\u00f3n, el gobernador est\u00e1 plenamente convencido de ello y de la labor municipalista\u201d, complement\u00f3.<\/p>\n<p>&nbsp;<\/p>\n<p>En este mismo sentido, dijo que la realizaci\u00f3n de esta serie de foros que hoy comienzan, se lleven a cabo en cumplimiento de las responsabilidades que se tienen como dependencia estatal, pero tambi\u00e9n en atenci\u00f3n a las instrucciones precisas del secretario de Gobierno, Jes\u00fas Reyna Garc\u00eda, de que la sociedad est\u00e9 informada, que la sociedad sepa y escuchen de una manera directa y puntual sobre los programas que el gobierno ejecuta en favor de la poblaci\u00f3n.<\/p>\n<p>&nbsp;<\/p>\n<p>\u201cSomos el v\u00ednculo con las dependencias estatales para dar seguimiento a las gestiones\u201d, acot\u00f3.<\/p>\n<p>&nbsp;<\/p>\n<p>Para finalizar, hizo un llamado a la gente que a\u00fan no est\u00e9 organizada para que realice el tr\u00e1mite ante la Secretar\u00eda de Econom\u00eda y una vez hecho, acuda a la Direcci\u00f3n de Relaci\u00f3n con Organizaciones para que sea apoyada en el proceso de protocolizaci\u00f3n ante la Direcci\u00f3n del Notariado y queden constituidos debidamente como una organizaci\u00f3n civil, lo que ayudar\u00e1 sin lugar a dudas a poder acceder a los beneficios de los programas gubernamentales.<\/p>\n<p>&nbsp;<\/p>\n<p>En este evento, los representantes de la sociedad civil organizada pudieron conocer escuchar de viva voz las caracter\u00edsticas de los programas por funcionarios del Instituto de Vivienda del Estado de Michoac\u00e1n (Ivem), de la Secretar\u00eda de Desarrollo Rural (Sedru), de la Secretar\u00eda de Pol\u00edtica Social (Sepsol), del Sistema DIF Estatal, del Sistema Integral de Financiamiento para el Desarrollo de Michoac\u00e1n (Si Financia) y de las dependencias federales; Secretar\u00eda de Agricultura, Ganader\u00eda, Desarrollo Rural, Pesca y Alimentaci\u00f3n (Sagarpa) y la Secretar\u00eda de Desarrollo Social (Sedesol) a trav\u00e9s de sus delegaciones estatales.<\/p>\n<p>&nbsp;<\/p>\n<p>En cada una de las ponencias, los asistentes pudieron participar activamente al exponer sus dudas y comentarios mediante una din\u00e1mica de preguntas y respuestas.<\/p>\n<p>&nbsp;<\/p>\n<p>Al acto inaugural se dieron cita entre otros: Carlos Soto Delgado, s\u00edndico municipal de Zamora con la representaci\u00f3n de la alcaldesa Rosa Hilda Abascal Rodr\u00edguez; los presidentes municipales de Ixtl\u00e1n y Tanganc\u00edcuaro, Gaudencia Romero y Gustavo Tzintzun respectivamente; as\u00ed como Mart\u00edn Samaguey C\u00e1rdenas, director de Control de Gesti\u00f3n de la Coordinaci\u00f3n de Atenci\u00f3n Ciudadana; H\u00e9ctor Rojas Moreno, director de Agricultura de Sedru; Efra\u00edn Madrid Pulido de Si Financia; Josu\u00e9 Alfonso Mej\u00eda Pineda, jefe del Departamento de Vinculaci\u00f3n Interinstitucional y Seguimiento de Convenios de Sepsol; Manuel Bautista Hurtado, jefe de la Unidad de Regiones Prioritarias de Sedesol; Jes\u00fas Gami\u00f1o Moreno, jefe de distrito 088 de Sagarpa y el diputado local por el Distrito 05 con cabecera en Jacona, Miguel Amezcua Manzo.<\/p>\n<p>&nbsp;<\/p>\n","protected":false},"excerpt":{"rendered":"<p>Con la finalidad de acercar a la sociedad civil organizada, la informaci\u00f3n sobre programas espec\u00edficos de las dependencias de la administraci\u00f3n p\u00fablica estatal y de las delegaciones federales en la entidad,<\/p>\n","protected":false},"author":1,"featured_media":0,"comment_status":"open","ping_status":"open","sticky":false,"template":"","format":"standard","meta":{"footnotes":""},"categories":[14,3],"tags":[],"class_list":["post-5449","post","type-post","status-publish","format-standard","hentry","category-destacadas","category-gobierno-del-estado-de-michoacan"],"_links":{"self":[{"href":"https:\/\/radiowebmx.com\/nota\/wp-json\/wp\/v2\/posts\/5449","targetHints":{"allow":["GET"]}}],"collection":[{"href":"https:\/\/radiowebmx.com\/nota\/wp-json\/wp\/v2\/posts"}],"about":[{"href":"https:\/\/radiowebmx.com\/nota\/wp-json\/wp\/v2\/types\/post"}],"author":[{"embeddable":true,"href":"https:\/\/radiowebmx.com\/nota\/wp-json\/wp\/v2\/users\/1"}],"replies":[{"embeddable":true,"href":"https:\/\/radiowebmx.com\/nota\/wp-json\/wp\/v2\/comments?post=5449"}],"version-history":[{"count":1,"href":"https:\/\/radiowebmx.com\/nota\/wp-json\/wp\/v2\/posts\/5449\/revisions"}],"predecessor-version":[{"id":5452,"href":"https:\/\/radiowebmx.com\/nota\/wp-json\/wp\/v2\/posts\/5449\/revisions\/5452"}],"wp:attachment":[{"href":"https:\/\/radiowebmx.com\/nota\/wp-json\/wp\/v2\/media?parent=5449"}],"wp:term":[{"taxonomy":"category","embeddable":true,"href":"https:\/\/radiowebmx.com\/nota\/wp-json\/wp\/v2\/categories?post=5449"},{"taxonomy":"post_tag","embeddable":true,"href":"https:\/\/radiowebmx.com\/nota\/wp-json\/wp\/v2\/tags?post=5449"}],"curies":[{"name":"wp","href":"https:\/\/api.w.org\/{rel}","templated":true}]}}