{"id":54469,"date":"2018-06-21T18:40:25","date_gmt":"2018-06-21T23:40:25","guid":{"rendered":"https:\/\/radiowebmx.com\/nota\/?p=54469"},"modified":"2018-06-22T11:42:14","modified_gmt":"2018-06-22T16:42:14","slug":"no-permitiremos-que-poderes-oscuros-vulneren-a-las-instituciones-silvano-aureoles","status":"publish","type":"post","link":"https:\/\/radiowebmx.com\/nota\/no-permitiremos-que-poderes-oscuros-vulneren-a-las-instituciones-silvano-aureoles\/","title":{"rendered":"No permitiremos que poderes oscuros vulneren a las instituciones: Silvano Aureoles"},"content":{"rendered":"<p><img loading=\"lazy\" decoding=\"async\" class=\"\" src=\"http:\/\/michoacan.gob.mx\/wp-content\/uploads\/2018\/06\/2b592632-dc1b-49b7-9103-70af0def96aa.jpeg\" width=\"401\" height=\"267\" \/><\/p>\n<p>&nbsp;<\/p>\n<ul>\n<li><strong>Convocan Gobernador y los integrantes de la Mesa de Gobernabilidad para el Seguimiento del Proceso Electoral a cerrar filas ante quienes se empe\u00f1an en quebrantar la ley.<\/strong><\/li>\n<li><strong>Anuncia el reforzamiento de medidas de seguridad en todo el estado y la suspensi\u00f3n de descansos a todo el Estado de Fuerza en las dependencias de seguridad y procuraci\u00f3n de justicia.<\/strong><\/li>\n<\/ul>\n<p><strong>Morelia, Michoac\u00e1n, a 21 de junio de 2018.-<\/strong>\u00a0No vamos a permitir que poderes oscuros vulneren el proceso electoral, que atenten contra las instituciones, la estabilidad y la paz; no habr\u00e1 impunidad y con certeza les decimos a las michoacanas y michoacanos que iremos por quienes han atentado contra la vida, hasta donde est\u00e9n, asever\u00f3 el Gobernador Constitucional Silvano Aureoles Conejo.<\/p>\n<p>As\u00ed lo expres\u00f3 en su mensaje dirigido al pueblo de Michoac\u00e1n a trav\u00e9s de los medios de comunicaci\u00f3n, ante quienes anunci\u00f3 las medidas que junto con integrantes de la Mesa de Gobernabilidad para el Seguimiento del Proceso Electoral acordaron en sesi\u00f3n extraordinaria esta ma\u00f1ana; en primera instancia, se establecer\u00e1n puestos de control en todos los accesos y salidas del estado, y se instalar\u00e1n filtros de revisi\u00f3n a veh\u00edculos y personas en todas las carreteras de la entidad.<\/p>\n<p>Dijo tambi\u00e9n que se mantendr\u00e1n en funcionamiento las 24 horas del d\u00eda, los Centros Estatales de Comando, Comunicaciones, C\u00f3mputo, Control, Coordinaci\u00f3n e Inteligencia (C5i), para reforzar las labores en el proceso de la informaci\u00f3n y las acciones de vigilancia del monitoreo de c\u00e1maras y reportes recibidos en 911.<\/p>\n<p>Se desplegar\u00e1n operativos permanentes y sorpresas las 24 horas del d\u00eda en las principales arterias de la capital michoacana y en los municipios, adem\u00e1s de un amplio patrullaje en zonas de riesgo.<\/p>\n<p>Inform\u00f3 que todo el estado de fuerza se mantendr\u00e1 vigente las 24 horas; no habr\u00e1 mandos ni operativos ausentes, se trabajar\u00e1 d\u00eda y noche hasta el d\u00eda de los comicios electorales y despu\u00e9s del proceso, para garantizar que la jornada electoral se desarrolle con tranquilidad.<\/p>\n<p>\u201cEn los \u00faltimos d\u00edas hemos tenido en Michoac\u00e1n hechos lamentables, condenables y repudiables, que nos lastiman profundamente y nos ofenden. Expresamos nuestras m\u00e1s sentidas condolencias a familiares y amigos de los tres candidatos que participaban en el proceso y el compromiso firme y decidido de aplicar todo el peso de la ley contra los responsables\u201d, extern\u00f3 el mandatario estatal.<\/p>\n<p>Adelant\u00f3 que a trav\u00e9s de las \u00e1reas de seguridad y procuraci\u00f3n de justicia estatales y federales, se llevan a cabo las investigaciones, que con el uso de toda la capacidad operativa, humana y de sistemas de investigaci\u00f3n, permitir\u00e1n esclarecer estos hechos; con los avances que se presentan hasta el momento, asegur\u00f3 que pronto se conocer\u00e1n los resultados de las investigaciones.<\/p>\n<p>\u201cNinguna amenaza, venga de donde venga, detendr\u00e1 la marcha de un estado que se caracteriza por la grandeza de sus mujeres y hombres\u201d, reiter\u00f3 el Gobernador.<\/p>\n<p>Acompa\u00f1ado por las y los integrantes de esta Mesa, as\u00ed como la coordinadora general de Comunicaci\u00f3n Social, Julieta L\u00f3pez Bautista, el titular del Ejecutivo Estatal ratific\u00f3 el compromiso de todos y todas para cerrar filas y seguir generando las condiciones propicias para este periodo electoral, a fin de que cuente con una alta participaci\u00f3n ciudadana, que abone a la democracia.<\/p>\n<p>Convoc\u00f3 nuevamente a las dirigencias del Partido del Trabajo y Morena a que se sumen a estos esfuerzos por el bien del estado, que por encima de colores e ideolog\u00edas, est\u00e1 el objetivo de continuar trabajando para fortalecer el sistema institucional, democr\u00e1tico y con ello mantener a salvo los derechos c\u00edvicos de la ciudadan\u00eda.<\/p>\n<p>Reconoci\u00f3 la voluntad, el compromiso y la altura de miras de las diferentes fuerzas pol\u00edticas para contribuir con el Gobierno y las autoridades electorales, cada uno en el \u00e1mbito de sus respectivas competencias, en un esfuerzo conjunto.<\/p>\n<p>Pidi\u00f3 que de igual manera se incluya la ciudadan\u00eda en la comprensi\u00f3n y el apoyo para las autoridades, al tiempo que solicit\u00f3 la intervenci\u00f3n de la Comisi\u00f3n Estatal de Derechos Humanos para ser garante del cumplimiento de las medidas que ser\u00e1n implementadas con estricto apego a la ley y respeto pleno a los derechos humanos.<\/p>\n<p>Durante el mensaje estuvieron presentes el presidente del Instituto Electoral de Michoac\u00e1n, Ram\u00f3n Hern\u00e1ndez Reyes; el subsecretario de Gobierno, Armando Hurtado Ar\u00e9valo; el delegado de la Secretar\u00eda de Gobernaci\u00f3n, Alejandro Salda\u00f1a Villase\u00f1or; las y los dirigentes de los partidos pol\u00edticos del PRI, V\u00edctor Manuel Silva Tejeda; del PVEM, Ernesto N\u00fa\u00f1ez Aguilar; del PRD, Mart\u00edn Garc\u00eda Avil\u00e9s y de Nueva Alianza, Araceli Mart\u00ednez M\u00e9ndez.<\/p>\n<p>Asimismo, del Partido Encuentro Social, Javier Valdespino Garc\u00eda; el interlocutor de candidatos independientes, Erick Avil\u00e9s Hurtado; el fiscal especializado para la atenci\u00f3n de delitos electorales, Lauro Pallares Ramos, entre otras autoridades y representantes de los medios de comunicaci\u00f3n.<\/p>\n<p>&nbsp;<\/p>\n<p><img loading=\"lazy\" decoding=\"async\" class=\"\" src=\"http:\/\/michoacan.gob.mx\/wp-content\/uploads\/2018\/06\/af1a40e8-a2cb-4c98-9d33-b9a22eae8d1d.jpeg\" width=\"401\" height=\"267\" \/><\/p>\n","protected":false},"excerpt":{"rendered":"<p>&nbsp; Convocan Gobernador y los integrantes de la Mesa de Gobernabilidad para el Seguimiento del Proceso Electoral a cerrar filas ante quienes se empe\u00f1an en quebrantar la ley. Anuncia el reforzamiento de medidas de seguridad en todo el estado y la suspensi\u00f3n de descansos a todo el Estado de Fuerza en las dependencias de seguridad [&hellip;]<\/p>\n","protected":false},"author":2,"featured_media":54470,"comment_status":"closed","ping_status":"closed","sticky":false,"template":"","format":"standard","meta":{"footnotes":""},"categories":[14,3,60],"tags":[],"class_list":["post-54469","post","type-post","status-publish","format-standard","has-post-thumbnail","hentry","category-destacadas","category-gobierno-del-estado-de-michoacan","category-michoacan"],"_links":{"self":[{"href":"https:\/\/radiowebmx.com\/nota\/wp-json\/wp\/v2\/posts\/54469","targetHints":{"allow":["GET"]}}],"collection":[{"href":"https:\/\/radiowebmx.com\/nota\/wp-json\/wp\/v2\/posts"}],"about":[{"href":"https:\/\/radiowebmx.com\/nota\/wp-json\/wp\/v2\/types\/post"}],"author":[{"embeddable":true,"href":"https:\/\/radiowebmx.com\/nota\/wp-json\/wp\/v2\/users\/2"}],"replies":[{"embeddable":true,"href":"https:\/\/radiowebmx.com\/nota\/wp-json\/wp\/v2\/comments?post=54469"}],"version-history":[{"count":1,"href":"https:\/\/radiowebmx.com\/nota\/wp-json\/wp\/v2\/posts\/54469\/revisions"}],"predecessor-version":[{"id":54471,"href":"https:\/\/radiowebmx.com\/nota\/wp-json\/wp\/v2\/posts\/54469\/revisions\/54471"}],"wp:featuredmedia":[{"embeddable":true,"href":"https:\/\/radiowebmx.com\/nota\/wp-json\/wp\/v2\/media\/54470"}],"wp:attachment":[{"href":"https:\/\/radiowebmx.com\/nota\/wp-json\/wp\/v2\/media?parent=54469"}],"wp:term":[{"taxonomy":"category","embeddable":true,"href":"https:\/\/radiowebmx.com\/nota\/wp-json\/wp\/v2\/categories?post=54469"},{"taxonomy":"post_tag","embeddable":true,"href":"https:\/\/radiowebmx.com\/nota\/wp-json\/wp\/v2\/tags?post=54469"}],"curies":[{"name":"wp","href":"https:\/\/api.w.org\/{rel}","templated":true}]}}