{"id":54444,"date":"2018-06-21T14:11:59","date_gmt":"2018-06-21T19:11:59","guid":{"rendered":"https:\/\/radiowebmx.com\/nota\/?p=54444"},"modified":"2018-06-21T14:11:59","modified_gmt":"2018-06-21T19:11:59","slug":"seran-los-ciudadanos-quienes-dirijan-mi-trabajo-en-el-congreso-de-la-union-cocoa-calderon","status":"publish","type":"post","link":"https:\/\/radiowebmx.com\/nota\/seran-los-ciudadanos-quienes-dirijan-mi-trabajo-en-el-congreso-de-la-union-cocoa-calderon\/","title":{"rendered":"Ser\u00e1n los ciudadanos quienes dirijan mi trabajo en el Congreso de la Uni\u00f3n: Cocoa Calder\u00f3n"},"content":{"rendered":"<p><img loading=\"lazy\" decoding=\"async\" class=\"\" src=\"https:\/\/attachment.outlook.live.net\/owa\/ultrapolitica@hotmail.com\/service.svc\/s\/GetAttachmentThumbnail?id=AQMkADAwATYwMAItODMyNi00ODU0LTAwAi0wMAoARgAAA5HawHgQuq9DrqMPu%2BRLC5sHANRV7lYdW%2FpNtd2j%2BEW2swoAAAIBIQAAANRV7lYdW%2FpNtd2j%2BEW2swoAAnpgSPYAAAABEgAQACO98hX7Ow5NjahcbVo0kNA%3D&amp;thumbnailType=2&amp;X-OWA-CANARY=BuX7C4bEFUi95zsb7-5GZ4BO-Lqq19UYZvbWilIo8lG0fH-dW5M5zrp3hmB1-ozdiLee19xfE58.&amp;token=eyJhbGciOiJSUzI1NiIsImtpZCI6IjA2MDBGOUY2NzQ2MjA3MzdFNzM0MDRFMjg3QzQ1QTgxOENCN0NFQjgiLCJ4NXQiOiJCZ0Q1OW5SaUJ6Zm5OQVRpaDhSYWdZeTN6cmciLCJ0eXAiOiJKV1QifQ.eyJ2ZXIiOiJFeGNoYW5nZS5DYWxsYmFjay5WMSIsImFwcGN0eHNlbmRlciI6Ik93YURvd25sb2FkQDg0ZGY5ZTdmLWU5ZjYtNDBhZi1iNDM1LWFhYWFhYWFhYWFhYSIsImFwcGN0eCI6IntcIm1zZXhjaHByb3RcIjpcIm93YVwiLFwicHJpbWFyeXNpZFwiOlwiUy0xLTI4MjctMzkzMjE2LTIyMDAzMjQxODBcIixcInB1aWRcIjpcIjE2ODg4NTIwNjA1ODgxMTZcIixcIm9pZFwiOlwiMDAwNjAwMDAtODMyNi00ODU0LTAwMDAtMDAwMDAwMDAwMDAwXCIsXCJzY29wZVwiOlwiT3dhRG93bmxvYWRcIn0iLCJuYmYiOjE1Mjk2MDgwOTEsImV4cCI6MTUyOTYwODY5MSwiaXNzIjoiMDAwMDAwMDItMDAwMC0wZmYxLWNlMDAtMDAwMDAwMDAwMDAwQDg0ZGY5ZTdmLWU5ZjYtNDBhZi1iNDM1LWFhYWFhYWFhYWFhYSIsImF1ZCI6IjAwMDAwMDAyLTAwMDAtMGZmMS1jZTAwLTAwMDAwMDAwMDAwMC9hdHRhY2htZW50Lm91dGxvb2subGl2ZS5uZXRAODRkZjllN2YtZTlmNi00MGFmLWI0MzUtYWFhYWFhYWFhYWFhIn0.T52SsBiuLoX3tu--kJUTqFNQhK9dbViLx0wgbul2MyhBHezLHh3t8bUc8i3D4HF_vM3h9ZngZtVvIQqEBX2DLbxEMmxpcQ-H7yYyXnYxs8UKpSjooKJMXGSSZAAB0XCBTjsaNNR59oHF4cRSdmI38I8SveqxI1VNhdJGoa4I93a7OveOTbZXKRICrR60Tkd-mA4Fw6fhim9UNY2zOvod-kVXCKsoriwUBKqdcQQK3Xc8T4_jiCaCY2sD177_tMwpN_f1ZFWFXUh7L1WUa8HyAWh8Cj1AN1qpq-ANSZbrsEGBogruFMzwgK3gUzgI6adbz7x19LIq1GutlXrokEXojw&amp;owa=outlook.live.com&amp;isc=1\" width=\"401\" height=\"267\" \/><\/p>\n<ul>\n<li class=\"x_MsoNormal\"><strong>Promete rendir cuentas a ciudadanos mediante Informes bimestrales y consulta de temas legislativos a trav\u00e9s de un Consejo Ciudadano Distrial.<\/strong><\/li>\n<li class=\"x_MsoNormal\"><strong>Firma Cocoa Calder\u00f3n compromisos con AMEM A.C y Consejo Cristiano Evang\u00e9lico de Michoac\u00e1n, van por recuperaci\u00f3n de valores y construcci\u00f3n de la paz.<\/strong><\/li>\n<\/ul>\n<p class=\"x_MsoNormal\">\n<p class=\"x_MsoNormal\"><b><i>Morelia, Michoac\u00e1n a 21 de junio de 2018.-<\/i><\/b>\u00a0\u00a0Luisa Mar\u00eda Calder\u00f3n Hinojosa \u201cCocoa\u201d candidata Independiente por el distrito 10 federal de Morelia, en evento privado firm\u00f3 con los integrantes de la Asociaci\u00f3n de Ministros Evang\u00e9licos de Morelia (AMEM A.C.) y del Consejo Cristiano Evang\u00e9lico de Michoac\u00e1n A.C una serie de 10 compromisos para aportar y sumar esfuerzos y capacidades en la construcci\u00f3n de la paz y del bien com\u00fan de los michoacanos; y prometi\u00f3 rendir cuentas a ciudadanos mediante Informes bimestrales y consulta de temas legislativos a trav\u00e9s de un Consejo Ciudadano Distrital.<\/p>\n<p class=\"x_MsoNormal\">En un encuentro de di\u00e1logo franco y cercano, la Candidata Independiente present\u00f3 a integrantes de la AMEM A.C\u00a0sus ejes de campa\u00f1a, y los compromisos que ya ha asumido con los ciudadanos de su distrito, por su parte los integrantes de dichas asociaciones, escucharon y sumaron a este proyecto independiente que encabeza Calder\u00f3n Hinojosa.<\/p>\n<p class=\"x_MsoNormal\">Ah\u00ed ante Ministros y Consejo Evang\u00e9lico explic\u00f3 sus ejes de campa\u00f1a, y\u00a0comparti\u00f3\u00a0con ellos el compromisos de hacer informes bimestrales y consultas de los temas que se debatir\u00e1n en el Congreso de la Uni\u00f3n a trav\u00e9s de la creaci\u00f3n de un Consejo Ciudadano Distrital, al cual, Calder\u00f3n Hinojosa\u00a0someter\u00e1\u00a0su agenda de prioridades legislativas una vez que la ciudadan\u00eda le refrende su\u00a0respaldo\u00a0el primero de julio.<\/p>\n<p class=\"x_MsoNormal\">En un contexto\u00a0violencia\u00a0en el estado, Calder\u00f3n Hinojosa manifest\u00f3 su preocupaci\u00f3n con el escenario que se vislumbra y dijo \u201cquienes defendemos el respeto a la vida no hemos sido lo suficientemente fuertes, yo comparto con ustedes la idea de ayudarnos y gritar fuerte los temas en los que coincidimos, porque hay cosas y temas que son de una minor\u00eda y nos hemos quedado callados, creo que si trabajamos de la mano podremos llamar a m\u00e1s ciudadanos y alzar la voz para que nos escuchen fuerte y claro\u201d\u00a0\u00a0finaliz\u00f3.<\/p>\n<p class=\"x_MsoNormal\">\n","protected":false},"excerpt":{"rendered":"<p>Promete rendir cuentas a ciudadanos mediante Informes bimestrales y consulta de temas legislativos a trav\u00e9s de un Consejo Ciudadano Distrial. Firma Cocoa Calder\u00f3n compromisos con AMEM A.C y Consejo Cristiano Evang\u00e9lico de Michoac\u00e1n, van por recuperaci\u00f3n de valores y construcci\u00f3n de la paz. Morelia, Michoac\u00e1n a 21 de junio de 2018.-\u00a0\u00a0Luisa Mar\u00eda Calder\u00f3n Hinojosa \u201cCocoa\u201d [&hellip;]<\/p>\n","protected":false},"author":2,"featured_media":54445,"comment_status":"closed","ping_status":"closed","sticky":false,"template":"","format":"standard","meta":{"footnotes":""},"categories":[14,90],"tags":[],"class_list":["post-54444","post","type-post","status-publish","format-standard","has-post-thumbnail","hentry","category-destacadas","category-elecciones-2018"],"_links":{"self":[{"href":"https:\/\/radiowebmx.com\/nota\/wp-json\/wp\/v2\/posts\/54444","targetHints":{"allow":["GET"]}}],"collection":[{"href":"https:\/\/radiowebmx.com\/nota\/wp-json\/wp\/v2\/posts"}],"about":[{"href":"https:\/\/radiowebmx.com\/nota\/wp-json\/wp\/v2\/types\/post"}],"author":[{"embeddable":true,"href":"https:\/\/radiowebmx.com\/nota\/wp-json\/wp\/v2\/users\/2"}],"replies":[{"embeddable":true,"href":"https:\/\/radiowebmx.com\/nota\/wp-json\/wp\/v2\/comments?post=54444"}],"version-history":[{"count":1,"href":"https:\/\/radiowebmx.com\/nota\/wp-json\/wp\/v2\/posts\/54444\/revisions"}],"predecessor-version":[{"id":54446,"href":"https:\/\/radiowebmx.com\/nota\/wp-json\/wp\/v2\/posts\/54444\/revisions\/54446"}],"wp:featuredmedia":[{"embeddable":true,"href":"https:\/\/radiowebmx.com\/nota\/wp-json\/wp\/v2\/media\/54445"}],"wp:attachment":[{"href":"https:\/\/radiowebmx.com\/nota\/wp-json\/wp\/v2\/media?parent=54444"}],"wp:term":[{"taxonomy":"category","embeddable":true,"href":"https:\/\/radiowebmx.com\/nota\/wp-json\/wp\/v2\/categories?post=54444"},{"taxonomy":"post_tag","embeddable":true,"href":"https:\/\/radiowebmx.com\/nota\/wp-json\/wp\/v2\/tags?post=54444"}],"curies":[{"name":"wp","href":"https:\/\/api.w.org\/{rel}","templated":true}]}}