{"id":54441,"date":"2018-06-21T13:45:50","date_gmt":"2018-06-21T18:45:50","guid":{"rendered":"https:\/\/radiowebmx.com\/nota\/?p=54441"},"modified":"2018-06-21T13:45:50","modified_gmt":"2018-06-21T18:45:50","slug":"condena-angel-cedillo-asesinatos-de-candidatos","status":"publish","type":"post","link":"https:\/\/radiowebmx.com\/nota\/condena-angel-cedillo-asesinatos-de-candidatos\/","title":{"rendered":"Condena \u00c1ngel Cedillo asesinatos de candidatos"},"content":{"rendered":"<p class=\"x_MsoNormal\"><b>Morelia; Michoac\u00e1n, 21 de junio de 2018<\/b>.- A que se investigue a fondo y se castigue con todo el peso de la ley a los responsables de los asesinatos de los candidatos, para que no exista ni olvido ni impunidad, llam\u00f3 el Presidente de la Junta de Coordinaci\u00f3n Pol\u00edtica en la LXXIII Legislatura Local, \u00c1ngel Cedillo Hern\u00e1ndez, quien convoc\u00f3 a cerrar filas en contra de la violencia pol\u00edtica que se ha registrado en el pa\u00eds en el marco de este proceso electoral.<\/p>\n<p class=\"x_MsoNormal\">Tras condenar los asesinatos de los candidatos a la presidencia municipal de Ocampo y Aguililla, Fernando \u00c1ngeles Ju\u00e1rez y Omar G\u00f3mez Lucatero, el tambi\u00e9n Coordinador del Grupo Parlamentario del PRD en el Congreso del Estado, insisti\u00f3 en su llamado a partidos pol\u00edticos y candidatos para que presenten las denuncias ante cualquier indicio o situaci\u00f3n irregular o de riesgo, con el fin de que se fortalezca la seguridad en donde se requiera y salvaguardar la integridad de las personas.<\/p>\n<p class=\"x_MsoNormal\">Remarc\u00f3 su confianza en que en la Mesa de Gobernabilidad, las autoridades en coordinaci\u00f3n con los \u00f3rganos electorales y partidos cierren filas para frenar la violencia, con el prop\u00f3sito de que se pueda garantizar condiciones de paz y tranquilidad.<\/p>\n<p class=\"x_MsoNormal\">Hizo un llamado a las autoridades encargadas de las investigaciones a esclarecer a la brevedad los hechos de todos los casos registrados, y consider\u00f3 que no se puede descartar ninguna l\u00ednea de investigaci\u00f3n.<\/p>\n<p class=\"x_MsoNormal\">\u00c1ngel Cedillo mencion\u00f3 que desde todas las trincheras se debe abonar a la legalidad y civilidad democr\u00e1tica y se debe poner por encima el desarrollo del pa\u00eds y los derechos de los ciudadanos.<\/p>\n<p class=\"x_MsoNormal\">Resalt\u00f3 el compromiso del Congreso del Estado para cerrar filas en favor de la democracia, la paz y la tranquilidad de nuestro estado y pa\u00eds, abonando en lo que les corresponde para contribuir a que la poblaci\u00f3n se sienta y est\u00e9 segura.<\/p>\n<p class=\"x_MsoNormal\">\n","protected":false},"excerpt":{"rendered":"<p>Morelia; Michoac\u00e1n, 21 de junio de 2018.- A que se investigue a fondo y se castigue con todo el peso de la ley a los responsables de los asesinatos de los candidatos, para que no exista ni olvido ni impunidad, llam\u00f3 el Presidente de la Junta de Coordinaci\u00f3n Pol\u00edtica en la LXXIII Legislatura Local, \u00c1ngel [&hellip;]<\/p>\n","protected":false},"author":2,"featured_media":54442,"comment_status":"closed","ping_status":"closed","sticky":false,"template":"","format":"standard","meta":{"footnotes":""},"categories":[6,14],"tags":[],"class_list":["post-54441","post","type-post","status-publish","format-standard","has-post-thumbnail","hentry","category-congreso-del-estado","category-destacadas"],"_links":{"self":[{"href":"https:\/\/radiowebmx.com\/nota\/wp-json\/wp\/v2\/posts\/54441","targetHints":{"allow":["GET"]}}],"collection":[{"href":"https:\/\/radiowebmx.com\/nota\/wp-json\/wp\/v2\/posts"}],"about":[{"href":"https:\/\/radiowebmx.com\/nota\/wp-json\/wp\/v2\/types\/post"}],"author":[{"embeddable":true,"href":"https:\/\/radiowebmx.com\/nota\/wp-json\/wp\/v2\/users\/2"}],"replies":[{"embeddable":true,"href":"https:\/\/radiowebmx.com\/nota\/wp-json\/wp\/v2\/comments?post=54441"}],"version-history":[{"count":1,"href":"https:\/\/radiowebmx.com\/nota\/wp-json\/wp\/v2\/posts\/54441\/revisions"}],"predecessor-version":[{"id":54443,"href":"https:\/\/radiowebmx.com\/nota\/wp-json\/wp\/v2\/posts\/54441\/revisions\/54443"}],"wp:featuredmedia":[{"embeddable":true,"href":"https:\/\/radiowebmx.com\/nota\/wp-json\/wp\/v2\/media\/54442"}],"wp:attachment":[{"href":"https:\/\/radiowebmx.com\/nota\/wp-json\/wp\/v2\/media?parent=54441"}],"wp:term":[{"taxonomy":"category","embeddable":true,"href":"https:\/\/radiowebmx.com\/nota\/wp-json\/wp\/v2\/categories?post=54441"},{"taxonomy":"post_tag","embeddable":true,"href":"https:\/\/radiowebmx.com\/nota\/wp-json\/wp\/v2\/tags?post=54441"}],"curies":[{"name":"wp","href":"https:\/\/api.w.org\/{rel}","templated":true}]}}