{"id":54438,"date":"2018-06-21T13:42:06","date_gmt":"2018-06-21T18:42:06","guid":{"rendered":"https:\/\/radiowebmx.com\/nota\/?p=54438"},"modified":"2018-06-21T13:42:06","modified_gmt":"2018-06-21T18:42:06","slug":"condena-vanesa-mejia-asesinato-de-candidatos","status":"publish","type":"post","link":"https:\/\/radiowebmx.com\/nota\/condena-vanesa-mejia-asesinato-de-candidatos\/","title":{"rendered":"Condena Vanesa Mej\u00eda asesinato de candidatos"},"content":{"rendered":"<p class=\"x_MsoNormal\"><b>Morelia; Michoac\u00e1n, 21 de junio de 2018<\/b>.- La diputada local Vanesa Mej\u00eda Granados conden\u00f3 y lament\u00f3 los asesinatos de los candidatos a la presidencia municipal de Ocampo y Aguililla, Fernando \u00c1ngeles Ju\u00e1rez y Omar G\u00f3mez Lucatero, respectivamente, e hizo un llamado en\u00e9rgico para que en el pa\u00eds se frene la violencia y se castigue a los responsables.<\/p>\n<p class=\"x_MsoNormal\">La diputada local por el Distrito de Hidalgo extern\u00f3 sus condolencias y solidaridad con las familias y amigos de las v\u00edctimas, y se sum\u00f3 a las voces que piden justicia y al llamado para que se frene la violencia pol\u00edtica que se ha registrado en el pa\u00eds en el marco de este proceso electoral.<\/p>\n<p class=\"x_MsoNormal\">Sobre el candidato del Partido de la Revoluci\u00f3n Democr\u00e1tica (PRD) a la presidencia municipal de Ocampo, se\u00f1al\u00f3 que lo conoc\u00eda y que era un hombre que contaba con el cari\u00f1o y respaldo de su pueblo, por lo que manifest\u00f3 a todos ellos su solidaridad.<\/p>\n<p class=\"x_MsoNormal\">Como lamentable y preocupante calific\u00f3 este y todos los asesinatos \u201cdesde el Congreso del Estado exhortamos a las autoridades correspondientes a detener esta ola de violencia en contra de los candidatos que se ha registrado en el pa\u00eds\u201d, se\u00f1al\u00f3 la representante del Distrito XII con cabecera en Hidalgo.<\/p>\n<p class=\"x_MsoNormal\">La legisladora agreg\u00f3 que se suma a las condolencias con los familiares y amigos de los candidatos Fernando \u00c1ngeles y Omar G\u00f3mez, tras referir que esta situaci\u00f3n preocupa, ya que la violencia en este proceso electoral se recrudece entre m\u00e1s se acerca el d\u00eda de la elecci\u00f3n.<\/p>\n<p class=\"x_MsoNormal\">\u201cEsto no abona en nada a que la ciudadan\u00eda tenga confianza para salir a emitir su voto el d\u00eda de las elecciones\u201d. Es necesario que se redoblen esfuerzos entre los distintos niveles de gobierno para atender los grandes males que aquejan a los ciudadanos en el pa\u00eds, como es el tema de la inseguridad.<\/p>\n<p class=\"x_MsoNormal\">Vanesa Mej\u00eda hizo un llamado a los partidos pol\u00edticos y candidatos a denunciar cualquier indicio o situaci\u00f3n que pueda atentar contra el desarrollo del proceso electoral o ponga en riesgo la seguridad de las personas.<\/p>\n<p class=\"x_MsoNormal\">Por \u00faltimo la diputada del distrito XII extern\u00f3 que desde la c\u00e1mara local se trabajar\u00e1 para, desde su trinchera, abonar a la seguridad en el \u00e1mbito pol\u00edtico y social.<\/p>\n","protected":false},"excerpt":{"rendered":"<p>Morelia; Michoac\u00e1n, 21 de junio de 2018.- La diputada local Vanesa Mej\u00eda Granados conden\u00f3 y lament\u00f3 los asesinatos de los candidatos a la presidencia municipal de Ocampo y Aguililla, Fernando \u00c1ngeles Ju\u00e1rez y Omar G\u00f3mez Lucatero, respectivamente, e hizo un llamado en\u00e9rgico para que en el pa\u00eds se frene la violencia y se castigue a [&hellip;]<\/p>\n","protected":false},"author":2,"featured_media":54439,"comment_status":"closed","ping_status":"closed","sticky":false,"template":"","format":"standard","meta":{"footnotes":""},"categories":[6,14],"tags":[],"class_list":["post-54438","post","type-post","status-publish","format-standard","has-post-thumbnail","hentry","category-congreso-del-estado","category-destacadas"],"_links":{"self":[{"href":"https:\/\/radiowebmx.com\/nota\/wp-json\/wp\/v2\/posts\/54438","targetHints":{"allow":["GET"]}}],"collection":[{"href":"https:\/\/radiowebmx.com\/nota\/wp-json\/wp\/v2\/posts"}],"about":[{"href":"https:\/\/radiowebmx.com\/nota\/wp-json\/wp\/v2\/types\/post"}],"author":[{"embeddable":true,"href":"https:\/\/radiowebmx.com\/nota\/wp-json\/wp\/v2\/users\/2"}],"replies":[{"embeddable":true,"href":"https:\/\/radiowebmx.com\/nota\/wp-json\/wp\/v2\/comments?post=54438"}],"version-history":[{"count":1,"href":"https:\/\/radiowebmx.com\/nota\/wp-json\/wp\/v2\/posts\/54438\/revisions"}],"predecessor-version":[{"id":54440,"href":"https:\/\/radiowebmx.com\/nota\/wp-json\/wp\/v2\/posts\/54438\/revisions\/54440"}],"wp:featuredmedia":[{"embeddable":true,"href":"https:\/\/radiowebmx.com\/nota\/wp-json\/wp\/v2\/media\/54439"}],"wp:attachment":[{"href":"https:\/\/radiowebmx.com\/nota\/wp-json\/wp\/v2\/media?parent=54438"}],"wp:term":[{"taxonomy":"category","embeddable":true,"href":"https:\/\/radiowebmx.com\/nota\/wp-json\/wp\/v2\/categories?post=54438"},{"taxonomy":"post_tag","embeddable":true,"href":"https:\/\/radiowebmx.com\/nota\/wp-json\/wp\/v2\/tags?post=54438"}],"curies":[{"name":"wp","href":"https:\/\/api.w.org\/{rel}","templated":true}]}}