{"id":54432,"date":"2018-06-20T19:01:50","date_gmt":"2018-06-21T00:01:50","guid":{"rendered":"https:\/\/radiowebmx.com\/nota\/?p=54432"},"modified":"2018-06-21T13:17:49","modified_gmt":"2018-06-21T18:17:49","slug":"delincuencia-no-se-volvera-a-apoderar-de-michoacan-silvano-aureoles","status":"publish","type":"post","link":"https:\/\/radiowebmx.com\/nota\/delincuencia-no-se-volvera-a-apoderar-de-michoacan-silvano-aureoles\/","title":{"rendered":"Delincuencia no se volver\u00e1 a apoderar de Michoac\u00e1n: Silvano Aureoles"},"content":{"rendered":"<p><img loading=\"lazy\" decoding=\"async\" class=\"\" src=\"http:\/\/michoacan.gob.mx\/wp-content\/uploads\/2018\/06\/a2255e05-7645-4bbd-9c71-6fd294923652.jpeg\" width=\"401\" height=\"267\" \/><\/p>\n<ul>\n<li><strong>Encabeza Gobernador Silvano Aureoles Primera Sesi\u00f3n Ordinaria 2018 del Consejo Estatal de Seguridad P\u00fablica.<\/strong><\/li>\n<li><strong>En su calidad de presidente de dicho \u00f3rgano, pidi\u00f3 a las y los integrantes del Consejo revisar de manera minuciosa en cada municipio a quienes conformar\u00e1n los cuerpos de seguridad p\u00fablica de las que ser\u00e1n las nuevas autoridades locales.<\/strong><\/li>\n<\/ul>\n<p><strong>Morelia, Michoac\u00e1n, a 20 de junio de 2018.-<\/strong>\u00a0La delincuencia no se volver\u00e1 a apoderar de Michoac\u00e1n, sentenci\u00f3 el Gobernador Constitucional Silvano Aureoles Conejo, durante la Primera Sesi\u00f3n Ordinaria 2018 del Consejo Estatal de Seguridad P\u00fablica.<\/p>\n<p>El Gobernador de Michoac\u00e1n fue claro al se\u00f1alar que las autoridades municipales deben tener como principal prioridad el fortalecimiento de la seguridad p\u00fablica, para evitar que los grupos delictivos se fortalezcan en sus demarcaciones; tarea en la que el Gobierno del Estado no ha dejado de acompa\u00f1arlos para evitarlo.<\/p>\n<p>Con la presencia de los representantes de los Poderes del Estado, del sector acad\u00e9mico y de la sociedad civil y empresarial, as\u00ed como por alcaldes, Silvano Aureoles, en su calidad de presidente de dicho \u00f3rgano, pidi\u00f3 a las y los integrantes del Consejo revisar de manera minuciosa en cada municipio a quienes conformar\u00e1n los cuerpos de seguridad p\u00fablica de las que ser\u00e1n las nuevas autoridades locales y as\u00ed establecer compromisos.<\/p>\n<p>\u201cLos presidentes y presidentas municipales tienen que acompa\u00f1arnos a hacerle frente a los grupos delincuenciales\u201d, sentenci\u00f3 Aureoles Conejo.<\/p>\n<p>Asegur\u00f3 que se ha puesto principal atenci\u00f3n en la transparencia del uso de los recursos p\u00fablicos destinados en materia de seguridad p\u00fablica.<\/p>\n<p>Sobre este tema, destac\u00f3 que se debe poner principal inter\u00e9s en las tareas de prevenci\u00f3n; en acciones contra las adicciones, pero sobre todo en brindar educaci\u00f3n de calidad a la ni\u00f1ez, adolescencia y juventud.<\/p>\n<p>Finalmente, insisti\u00f3 en que es a trav\u00e9s de la coordinaci\u00f3n entre los diversos sectores de la sociedad civil y autoridades, como se obtienen m\u00e1s y mejores resultados en seguridad p\u00fablica, esquema sobre el cual se trabaja.<\/p>\n<p>El presidente de la Mesa Directiva del Congreso del Estado, Roberto Carlos L\u00f3pez Garc\u00eda, coincidi\u00f3 con el mandatario estatal al se\u00f1alar que la prevenci\u00f3n es la parte medular para que las michoacanas y los michoacanos cuenten con paz y tranquilidad.<\/p>\n<p>El magistrado del Supremo Tribunal de Justicia del Estado, V\u00edctor Barrag\u00e1n Ben\u00edtez, celebr\u00f3 que a dos a\u00f1os de la instalaci\u00f3n de este Consejo se camina por la ruta correcta. \u201cNos toca poner nuestra parte para que las acciones y programas se contin\u00faen aplicando\u201d.<\/p>\n<p>El rector de la Universidad Michoacana de San Nicol\u00e1s de Hidalgo (UMSNH), Medardo Serna Gonz\u00e1lez, propuso al Consejo un programa para la Prevenci\u00f3n y Rehabilitaci\u00f3n de Adicciones realizado por acad\u00e9micas y acad\u00e9micos de esta instituci\u00f3n. \u201cNecesitamos contribuir desde la educaci\u00f3n para ayudar a disminuir las adicciones\u201d.<\/p>\n<p>El presidente de la Fundaci\u00f3n Ciudadana para el Desarrollo Integral de Michoac\u00e1n (Fucidim), Roberto Ram\u00edrez Delgado, aplaudi\u00f3 la amplia colaboraci\u00f3n y participaci\u00f3n entre ciudadan\u00eda y autoridades, pues gracias a ello se han logrado establecer ocho Mesas de Seguridad y Justicia a lo largo de la entidad.<\/p>\n<p>Durante esta primera sesi\u00f3n, la titular del Secretariado Ejecutivo del Sistema Estatal de Seguridad P\u00fablica (SESESP) y secretaria ejecutiva del Consejo, Lilia Cipriano Ista, inform\u00f3 sobre los avances en la aplicaci\u00f3n del Fondo de Aportaciones para la Seguridad P\u00fablica (FASP), del Programa de Fortalecimiento para la Seguridad (Fortaseg) y del Programa Nacional de Prevenci\u00f3n del Delito (Pronapred).<\/p>\n<p>De igual manera, dio cuenta del Certificado \u00danico Policial y reactivaci\u00f3n del Centro Estatal de Prevenci\u00f3n del Delito y Participaci\u00f3n Ciudadana.<\/p>\n<p>Fue aprobada la integraci\u00f3n de las Comisiones permanentes del Sistema Estatal de Seguridad P\u00fablica, adem\u00e1s el Reglamento, Manual de Organizaci\u00f3n y de Procedimientos, as\u00ed como la Estructura Org\u00e1nica del SESESP.<\/p>\n<p>Finalmente, qued\u00f3 establecido que las pr\u00f3ximas sesiones ordinarias del Consejo se realizar\u00e1n el 14 de agosto, 16 de octubre y 5 de diciembre del a\u00f1o en curso.<\/p>\n<p>Estuvieron presentes el secretario de Seguridad P\u00fablica (SSP), Juan Bernardo Corona Mart\u00ednez; el procurador de Justicia del Estado, Jos\u00e9 Mart\u00edn Godoy Castro; el presidente de la Comisi\u00f3n Estatal de Derechos Humanos (CEDH), V\u00edctor Manuel Serrato Lozano.<\/p>\n<p>El delegado de la Procuradur\u00eda General de la Rep\u00fablica en Michoac\u00e1n, Jes\u00fas L\u00f3pez Trujillo; el coordinador de la Polic\u00eda Federal en Michoac\u00e1n, Rafael Abundiz N\u00fa\u00f1ez; el subsecretario de Gobernaci\u00f3n, Armando Hurtado Ar\u00e9valo; el jefe de la Oficina del Despacho del Gobernador, Erick L\u00f3pez Barriga, entre otras autoridades municipales, estatales y federales.<\/p>\n<p>&nbsp;<\/p>\n<p><img loading=\"lazy\" decoding=\"async\" class=\"\" src=\"http:\/\/michoacan.gob.mx\/wp-content\/uploads\/2018\/06\/93a294d3-87fb-405b-a5ee-5c097807e979.jpeg\" width=\"401\" height=\"267\" \/><\/p>\n","protected":false},"excerpt":{"rendered":"<p>Encabeza Gobernador Silvano Aureoles Primera Sesi\u00f3n Ordinaria 2018 del Consejo Estatal de Seguridad P\u00fablica. En su calidad de presidente de dicho \u00f3rgano, pidi\u00f3 a las y los integrantes del Consejo revisar de manera minuciosa en cada municipio a quienes conformar\u00e1n los cuerpos de seguridad p\u00fablica de las que ser\u00e1n las nuevas autoridades locales. Morelia, Michoac\u00e1n, [&hellip;]<\/p>\n","protected":false},"author":2,"featured_media":54433,"comment_status":"closed","ping_status":"closed","sticky":false,"template":"","format":"standard","meta":{"footnotes":""},"categories":[14,3,60],"tags":[],"class_list":["post-54432","post","type-post","status-publish","format-standard","has-post-thumbnail","hentry","category-destacadas","category-gobierno-del-estado-de-michoacan","category-michoacan"],"_links":{"self":[{"href":"https:\/\/radiowebmx.com\/nota\/wp-json\/wp\/v2\/posts\/54432","targetHints":{"allow":["GET"]}}],"collection":[{"href":"https:\/\/radiowebmx.com\/nota\/wp-json\/wp\/v2\/posts"}],"about":[{"href":"https:\/\/radiowebmx.com\/nota\/wp-json\/wp\/v2\/types\/post"}],"author":[{"embeddable":true,"href":"https:\/\/radiowebmx.com\/nota\/wp-json\/wp\/v2\/users\/2"}],"replies":[{"embeddable":true,"href":"https:\/\/radiowebmx.com\/nota\/wp-json\/wp\/v2\/comments?post=54432"}],"version-history":[{"count":1,"href":"https:\/\/radiowebmx.com\/nota\/wp-json\/wp\/v2\/posts\/54432\/revisions"}],"predecessor-version":[{"id":54434,"href":"https:\/\/radiowebmx.com\/nota\/wp-json\/wp\/v2\/posts\/54432\/revisions\/54434"}],"wp:featuredmedia":[{"embeddable":true,"href":"https:\/\/radiowebmx.com\/nota\/wp-json\/wp\/v2\/media\/54433"}],"wp:attachment":[{"href":"https:\/\/radiowebmx.com\/nota\/wp-json\/wp\/v2\/media?parent=54432"}],"wp:term":[{"taxonomy":"category","embeddable":true,"href":"https:\/\/radiowebmx.com\/nota\/wp-json\/wp\/v2\/categories?post=54432"},{"taxonomy":"post_tag","embeddable":true,"href":"https:\/\/radiowebmx.com\/nota\/wp-json\/wp\/v2\/tags?post=54432"}],"curies":[{"name":"wp","href":"https:\/\/api.w.org\/{rel}","templated":true}]}}