{"id":54429,"date":"2018-06-20T19:01:05","date_gmt":"2018-06-21T00:01:05","guid":{"rendered":"https:\/\/radiowebmx.com\/nota\/?p=54429"},"modified":"2018-06-21T13:01:17","modified_gmt":"2018-06-21T18:01:17","slug":"michoacan-en-los-primeros-lugares-de-eficiencia-de-escuelas-al-cien-inifed","status":"publish","type":"post","link":"https:\/\/radiowebmx.com\/nota\/michoacan-en-los-primeros-lugares-de-eficiencia-de-escuelas-al-cien-inifed\/","title":{"rendered":"Michoac\u00e1n, en los primeros lugares de eficiencia de Escuelas al CIEN: INIFED"},"content":{"rendered":"<p><img loading=\"lazy\" decoding=\"async\" class=\"\" src=\"http:\/\/michoacan.gob.mx\/wp-content\/uploads\/2018\/06\/368c590f-b728-4feb-91e2-d63f01c30ce5.jpeg\" width=\"401\" height=\"267\" \/><\/p>\n<p>&nbsp;<\/p>\n<ul>\n<li><strong>El Gobernador Constitucional Silvano Aureoles y el titular del INIFED, H\u00e9ctor Guti\u00e9rrez, supervisan las obras de infraestructura educativa en la Universidad Polit\u00e9cnica de Uruapan.<\/strong><\/li>\n<li><strong>Reconoce titular del INIFED trabajo del Gobierno del Estado para avanzar en este rubro y en particular, en el desarrollo de infraestructura educativa en poblaciones ind\u00edgenas.<\/strong><\/li>\n<li><strong>Anuncia m\u00e1s recursos para Michoac\u00e1n para Escuelas al CIEN.<\/strong><\/li>\n<\/ul>\n<p><strong>Uruapan , Michoac\u00e1n, a 20 de junio de 2018.-<\/strong>\u00a0Michoac\u00e1n se encuentra dentro de los primeros lugares de eficiencia en la operaci\u00f3n de Escuelas al CIEN, ha transitado con transparencia y rendici\u00f3n de cuentas y los m\u00e1s de mil 300 planteles intervenidos lo acreditan; por ello el Instituto Nacional de la Infraestructura F\u00edsica Educativa (INIFED) destinar\u00e1 m\u00e1s recurso para la entidad, destac\u00f3 su titular H\u00e9ctor Guti\u00e9rrez de la Garza.<\/p>\n<p>As\u00ed lo expres\u00f3 al acompa\u00f1ar esta ma\u00f1ana al Gobernador Constitucional, Silvano Aureoles Conejo a constatar la operaci\u00f3n de la segunda etapa de aulas en la Universidad Polit\u00e9cnica de Uruapan, donde a trav\u00e9s de Escuelas al CIEN se construy\u00f3 la Unidad Acad\u00e9mica Departamental Tipo ll, con una inversi\u00f3n que rebasa los 15 millones de pesos, en beneficio de 316 estudiantes que cursan las ingenier\u00edas de Manufactura y Agroindustrial, as\u00ed como la licenciatura en Administraci\u00f3n y Gesti\u00f3n de Pymes.<\/p>\n<p>Ah\u00ed trascendi\u00f3 que al menos para esta universidad, el INIFED destinar\u00e1 otros 35 millones de pesos m\u00e1s, para diversas obras en beneficio del alumnado, docentes y personal administrativo.<\/p>\n<p>El titular del Ejecutivo Estatal constat\u00f3 los proyectos que se realizan en las diversas ingenier\u00edas y licenciaturas y refrend\u00f3 su respaldo para cada uno de ellos; en este marco anunci\u00f3 tambi\u00e9n el arranque de un proyecto agroindustrial en esta Universidad, el cual tendr\u00e1 como objetivo inducir al alumnado para formarse como microempresarias y microempresarios.<\/p>\n<p>Ah\u00ed se inform\u00f3 que esta escuela tambi\u00e9n contar\u00e1 con una red de drenaje y agua potable; se abrir\u00e1 una ruta de transporte p\u00fablico que acerque a las y los estudiantes al plantel, se rehabilitar\u00e1 el acceso a la misma y se analizar\u00e1 la viabilidad de construir un puente peatonal a las afueras del plantel, todo ello a petici\u00f3n del alumnado que se dio cita al evento.<\/p>\n<p>\u201cYo los invito y las invito a luchar todos los d\u00edas a brazo partido, s\u00ed se puede. Todo lo que la mente es capaz de so\u00f1ar y pensar, se puede realizar\u201d, extern\u00f3 el mandatario estatal.<\/p>\n<p>Aprovech\u00f3 tambi\u00e9n para destacar la labor de docentes de esta instituci\u00f3n, que d\u00eda a d\u00eda forman a los profesionistas del futuro, al tiempo que reconoci\u00f3 la labor de Guti\u00e9rrez de la Garza por Michoac\u00e1n, con quien se ha trabajado de la mano para alcanzar estos resultados.<\/p>\n<p>\u201cIncansablemente Silvano Aureoles ha tratado de sustituir las aulas de palitos, es el mayor esfuerzo de todo el pa\u00eds que se ha encabezado para que exista equidad e inclusi\u00f3n de las comunidades ind\u00edgenas, por ello es digno de recibir todo el reconocimiento del Gobierno de la Rep\u00fablica\u201d, dijo por su lado Guti\u00e9rrez de la Garza.<\/p>\n<p>Comparti\u00f3 tambi\u00e9n que en materia de infraestructura educativa, a Michoac\u00e1n se han destinado mil 800 millones de pesos, adem\u00e1s de las inversiones que est\u00e1n por aterrizar en pr\u00f3ximos d\u00edas.<\/p>\n<p>En su turno, la titular del Instituto de Infraestructura F\u00edsica Educativa del Estado (IIFEEM), Mar\u00eda Guadalupe D\u00edaz Chagolla, inform\u00f3 que la unidad en su planta baja, consta de sanitarios, nueve aulas did\u00e1cticas, vest\u00edbulo y escaleras; en la planta alta alberga cuatro aulas did\u00e1cticas, m\u00f3dulo administrativo, sala audiovisual, cub\u00edculos para profesores; adem\u00e1s hay equipamiento para 19 aulas did\u00e1cticas y mobiliario para la sala audiovisual.<\/p>\n<p>El presidente municipal de Uruapan, Genaro Campos Garc\u00eda, aplaudi\u00f3 esta obra en beneficio de j\u00f3venes del municipio y la regi\u00f3n Pur\u00e9pecha, quienes pr\u00f3ximamente saldr\u00e1n a transformar la sociedad y a Michoac\u00e1n entero.<\/p>\n<p>V\u00edctor Manuel Bravo Lara, rector de la Universidad Polit\u00e9cnica de Uruapan, record\u00f3 que fue hace m\u00e1s de un a\u00f1o cuando el Gobernador acudi\u00f3 a la Universidad para entregar el laboratorio de la misma, y hoy refrenda su decisi\u00f3n de apoyar a la comunidad estudiantil.<\/p>\n<p>\u201cA nombre de todos y todas le doy las gracias Gobernador, con estos espacios podremos tener mejores resultados y rendimiento educativo\u201d, pronunci\u00f3 el rector.<\/p>\n<p>Durante su recorrido por el instituto, la alumna de noveno cuatrimestre de la licenciatura en Administraci\u00f3n y Gesti\u00f3n de Pymes, Estela Medina Morales, otorg\u00f3 al mandatario estatal un reconocimiento por el amor y cari\u00f1o que ha mostrado tener a este plantel educativo.<\/p>\n<p>En el evento estuvieron presentes el secretario de Educaci\u00f3n, Alberto Frutis Sol\u00eds; la delegada de la Secretar\u00eda de Educaci\u00f3n P\u00fablica, Silvia Mendoza Valenzuela; el diputado federal \u00c1ngel Alan\u00eds Pedraza; el presidente municipal de Ziracuaretiro, Juan Mart\u00edn Cardona Talavera; representantes de los medios de comunicaci\u00f3n, alumnado, docentes y personal administrativo de la Universidad.<\/p>\n<p>&nbsp;<\/p>\n<p><img loading=\"lazy\" decoding=\"async\" class=\"\" src=\"http:\/\/michoacan.gob.mx\/wp-content\/uploads\/2018\/06\/29a7c70f-9c59-47c4-b8fd-409ab9c99205.jpeg\" width=\"401\" height=\"267\" \/><\/p>\n","protected":false},"excerpt":{"rendered":"<p>&nbsp; El Gobernador Constitucional Silvano Aureoles y el titular del INIFED, H\u00e9ctor Guti\u00e9rrez, supervisan las obras de infraestructura educativa en la Universidad Polit\u00e9cnica de Uruapan. Reconoce titular del INIFED trabajo del Gobierno del Estado para avanzar en este rubro y en particular, en el desarrollo de infraestructura educativa en poblaciones ind\u00edgenas. Anuncia m\u00e1s recursos para [&hellip;]<\/p>\n","protected":false},"author":2,"featured_media":54430,"comment_status":"closed","ping_status":"closed","sticky":false,"template":"","format":"standard","meta":{"footnotes":""},"categories":[14,3,60],"tags":[],"class_list":["post-54429","post","type-post","status-publish","format-standard","has-post-thumbnail","hentry","category-destacadas","category-gobierno-del-estado-de-michoacan","category-michoacan"],"_links":{"self":[{"href":"https:\/\/radiowebmx.com\/nota\/wp-json\/wp\/v2\/posts\/54429","targetHints":{"allow":["GET"]}}],"collection":[{"href":"https:\/\/radiowebmx.com\/nota\/wp-json\/wp\/v2\/posts"}],"about":[{"href":"https:\/\/radiowebmx.com\/nota\/wp-json\/wp\/v2\/types\/post"}],"author":[{"embeddable":true,"href":"https:\/\/radiowebmx.com\/nota\/wp-json\/wp\/v2\/users\/2"}],"replies":[{"embeddable":true,"href":"https:\/\/radiowebmx.com\/nota\/wp-json\/wp\/v2\/comments?post=54429"}],"version-history":[{"count":1,"href":"https:\/\/radiowebmx.com\/nota\/wp-json\/wp\/v2\/posts\/54429\/revisions"}],"predecessor-version":[{"id":54431,"href":"https:\/\/radiowebmx.com\/nota\/wp-json\/wp\/v2\/posts\/54429\/revisions\/54431"}],"wp:featuredmedia":[{"embeddable":true,"href":"https:\/\/radiowebmx.com\/nota\/wp-json\/wp\/v2\/media\/54430"}],"wp:attachment":[{"href":"https:\/\/radiowebmx.com\/nota\/wp-json\/wp\/v2\/media?parent=54429"}],"wp:term":[{"taxonomy":"category","embeddable":true,"href":"https:\/\/radiowebmx.com\/nota\/wp-json\/wp\/v2\/categories?post=54429"},{"taxonomy":"post_tag","embeddable":true,"href":"https:\/\/radiowebmx.com\/nota\/wp-json\/wp\/v2\/tags?post=54429"}],"curies":[{"name":"wp","href":"https:\/\/api.w.org\/{rel}","templated":true}]}}