{"id":54426,"date":"2018-06-20T18:40:59","date_gmt":"2018-06-20T23:40:59","guid":{"rendered":"https:\/\/radiowebmx.com\/nota\/?p=54426"},"modified":"2018-06-21T12:42:28","modified_gmt":"2018-06-21T17:42:28","slug":"asignara-inifed-200-mdp-extraordinarios-a-michoacan","status":"publish","type":"post","link":"https:\/\/radiowebmx.com\/nota\/asignara-inifed-200-mdp-extraordinarios-a-michoacan\/","title":{"rendered":"Asignar\u00e1 INIFED 200 mdp extraordinarios a Michoac\u00e1n"},"content":{"rendered":"<p><img loading=\"lazy\" decoding=\"async\" class=\"\" src=\"http:\/\/michoacan.gob.mx\/wp-content\/uploads\/2018\/06\/b756524c-f576-454d-bcc3-01404d775d2d.jpeg\" width=\"398\" height=\"265\" \/><\/p>\n<ul>\n<li><strong>Tras visita en Uruapan, el Gobernador Silvano Aureoles y el titular del INIFED, H\u00e9ctor Guti\u00e9rrez, sostienen reuni\u00f3n de trabajo.<\/strong><\/li>\n<\/ul>\n<p><strong>Morelia, Michoac\u00e1n, a 20 de enero de 2018.-<\/strong>\u00a0Debido a que Michoac\u00e1n ha sido de los estados con puntual cumplimiento en las metas de dignificaci\u00f3n y construcci\u00f3n de espacios educativos y tras la gesti\u00f3n del Gobernador Silvano Aureoles Conejo, el Instituto Nacional de la Infraestructura F\u00edsica Educativa (INIFED) destinar\u00e1 200 millones de pesos de manera extraordinaria para el estado, antes de que finalice el presente ejercicio fiscal.<\/p>\n<p>As\u00ed se inform\u00f3 durante la reuni\u00f3n que sostuvieron el mandatario estatal y el titular de dicho organismo, H\u00e9ctor Guti\u00e9rrez de la Garza, posterior a la gira de trabajo que ambos realizaron en el municipio de Uruapan.<\/p>\n<p>En este marco, se dio a conocer que de los 9 mil planteles de educaci\u00f3n b\u00e1sica existentes en todo el estado, en dos a\u00f1os y medio se han logrado intervenir mil 700 centros educativos con acciones de construcci\u00f3n, rehabilitaci\u00f3n y\/o equipamiento, con una inversi\u00f3n por arriba de los mil 200 millones de pesos, de la estrategia conjunta en el INIFED y el Gobierno del Estado.<\/p>\n<p>\u201cEs evidente el compromiso del Gobernador Silvano Aureoles para que las cosas salgan adelante en materia educativa; no es casualidad que Michoac\u00e1n ocupe los primeros lugares de eficiencia de Escuelas al CIEN porque la gente tiene confianza, por eso seguiremos apoyando al estado\u201d, reconoci\u00f3 el director general de INIFED.<\/p>\n<p>De su lado, el mandatario estatal Aureoles Conejo, celebr\u00f3 este anuncio as\u00ed como el hecho de que cada vez m\u00e1s docentes, padres y madres de familia, se sumen a las acciones para mejorar los espacios en que las ni\u00f1as, ni\u00f1os y j\u00f3venes michoacanos reciben ense\u00f1anza.<\/p>\n<p>Cabe mencionar que de los 200 millones de pesos extraordinarios asignados al estado, 35 millones est\u00e1n etiquetados para complementar la infraestructura de la Universidad Polit\u00e9cnica de Uruapan.<\/p>\n","protected":false},"excerpt":{"rendered":"<p>Tras visita en Uruapan, el Gobernador Silvano Aureoles y el titular del INIFED, H\u00e9ctor Guti\u00e9rrez, sostienen reuni\u00f3n de trabajo. Morelia, Michoac\u00e1n, a 20 de enero de 2018.-\u00a0Debido a que Michoac\u00e1n ha sido de los estados con puntual cumplimiento en las metas de dignificaci\u00f3n y construcci\u00f3n de espacios educativos y tras la gesti\u00f3n del Gobernador Silvano [&hellip;]<\/p>\n","protected":false},"author":2,"featured_media":54427,"comment_status":"closed","ping_status":"closed","sticky":false,"template":"","format":"standard","meta":{"footnotes":""},"categories":[14,3,60],"tags":[],"class_list":["post-54426","post","type-post","status-publish","format-standard","has-post-thumbnail","hentry","category-destacadas","category-gobierno-del-estado-de-michoacan","category-michoacan"],"_links":{"self":[{"href":"https:\/\/radiowebmx.com\/nota\/wp-json\/wp\/v2\/posts\/54426","targetHints":{"allow":["GET"]}}],"collection":[{"href":"https:\/\/radiowebmx.com\/nota\/wp-json\/wp\/v2\/posts"}],"about":[{"href":"https:\/\/radiowebmx.com\/nota\/wp-json\/wp\/v2\/types\/post"}],"author":[{"embeddable":true,"href":"https:\/\/radiowebmx.com\/nota\/wp-json\/wp\/v2\/users\/2"}],"replies":[{"embeddable":true,"href":"https:\/\/radiowebmx.com\/nota\/wp-json\/wp\/v2\/comments?post=54426"}],"version-history":[{"count":1,"href":"https:\/\/radiowebmx.com\/nota\/wp-json\/wp\/v2\/posts\/54426\/revisions"}],"predecessor-version":[{"id":54428,"href":"https:\/\/radiowebmx.com\/nota\/wp-json\/wp\/v2\/posts\/54426\/revisions\/54428"}],"wp:featuredmedia":[{"embeddable":true,"href":"https:\/\/radiowebmx.com\/nota\/wp-json\/wp\/v2\/media\/54427"}],"wp:attachment":[{"href":"https:\/\/radiowebmx.com\/nota\/wp-json\/wp\/v2\/media?parent=54426"}],"wp:term":[{"taxonomy":"category","embeddable":true,"href":"https:\/\/radiowebmx.com\/nota\/wp-json\/wp\/v2\/categories?post=54426"},{"taxonomy":"post_tag","embeddable":true,"href":"https:\/\/radiowebmx.com\/nota\/wp-json\/wp\/v2\/tags?post=54426"}],"curies":[{"name":"wp","href":"https:\/\/api.w.org\/{rel}","templated":true}]}}